{"id":47344,"date":"2011-11-07T12:10:14","date_gmt":"2011-11-07T12:10:14","guid":{"rendered":"http:\/\/www.hier-luebeck.de\/2011\/11\/bpol-ki-fehmarn-wochenendbilanz-der-bundespolizei-im-fahrhafen-puttgarden\/"},"modified":"2011-11-07T12:10:14","modified_gmt":"2011-11-07T12:10:14","slug":"bpol-ki-fehmarn-wochenendbilanz-der-bundespolizei-im-fahrhafen-puttgarden","status":"publish","type":"post","link":"https:\/\/hier-luebeck.de\/index.php\/bpol-ki-fehmarn-wochenendbilanz-der-bundespolizei-im-fahrhafen-puttgarden\/","title":{"rendered":"BPOL-KI: Fehmarn: Wochenendbilanz der Bundespolizei im F\u00e4hrhafen Puttgarden"},"content":{"rendered":"<p>Kiel (ots) &#8211; Zehn F\u00e4lle von unerlaubter Einreise bzw. unerlaubtem  Aufenthalt. Freitagmittag wurde im ICE Kopenhagen &#8211; Hamburg,  unmittelbar nach Verlassen der F\u00e4hre, ein junger Mann aus Eritrea  kontrolliert. Da er sich nicht ordnungsgem\u00e4\u00df ausweisen konnte, endete seine Reise vorerst in den Dienstr\u00e4umen der Bundespolizei.<!--more--> Dort  stellte sich heraus, dass der 28-j\u00e4hrige bereits in den  skandinavischen L\u00e4ndern Asylantr\u00e4ge gestellt hat. Deshalb wurde er  durch die Bundespolizei auf richterlichen Beschluss in Haft genommen.     Freitagabend wurde ein 37-j\u00e4hriger Iraner als Insasse eines  Reisebusses aus D\u00e4nemark kommend durch Bundespolizisten kontrolliert. Da sein Visum bereits seit einem Monat abgelaufen war, musste er die  Beamten in die Dienstr\u00e4ume begleiten. Dort brachte der Iraner ein  Schutzersuchen vor und wurde durch die Beamten an eine  Erstaufnahmeeinrichtung weitergeleitet.     Samstag fr\u00fch versuchte ein 17-j\u00e4hriger Afghane mit einem Reisebus, aber ohne die erforderlichen Papiere nach Skandinavien zu reisen.  Auch f\u00fcr ihn endete die Reise vorerst im F\u00e4hrhafen, er wurde nach  Abschluss der erforderlichen polizeilichen Ma\u00dfnahmen in Absprache mit der Ausl\u00e4nderbeh\u00f6rde an eine Jugendhilfeeinrichtung \u00fcbergeben.     Samstag Vormittag kontrollierten Bundespolizisten im ICE Hamburg &#8211; Kopenhagen eine junge Frau, die mit zwei Kleinkindern unterwegs war.  Da auch sie nicht die erforderlichen Papiere vorweisen konnte, f\u00fchrte der Weg auch in diesem Fall in die Dienststelle der Bundespolizei.  Dort brachte die Afghanin f\u00fcr sich und ihre ein und vier Jahre alten  Kinder ein Schutzersuchen vor und wurde an eine  Erstaufnahmeeinrichtung \u00fcbergeben.     Kurz danach wurden zwei Jugendliche, 16 und 17 Jahre alt, in einer Regionalbahn kurz vor Puttgarden kontrolliert. Auch sie stammten aus  Afghanistan und wurden nach einem Abstecher in die Dienstr\u00e4ume der  Bundespolizei an eine Jugendhilfeeinrichtung \u00fcbergeben.     Sonntagabend wurden dann in einem Reisebus aus Skandinavien eine  30 Jahre alte Frau aus Albanien und ein 23-j\u00e4hriger Afghane  kontrolliert. In beiden F\u00e4llen stellte sich bei der Bundespolizei  heraus, dass bereits Asylantr\u00e4ge in Schweden und Norwegen gestellt  worden sind. Die Ermittlungen in diesen beiden F\u00e4llen dauern an.     <\/p>\n<p>Quelle: <a href=\"http:\/\/www.presseportal.de\/polizeipresse\/pm\/70257\/2142932\/bpol-ki-fehmarn-wochenendbilanz-der-bundespolizei-im-faehrhafen-puttgarden\/api\" target=\"_blank\">presseportal.de<\/a><\/p>\n","protected":false},"excerpt":{"rendered":"<p>Kiel (ots) &#8211; Zehn F\u00e4lle von unerlaubter Einreise bzw. unerlaubtem Aufenthalt. Freitagmittag wurde im ICE Kopenhagen &#8211; Hamburg, unmittelbar nach<\/p>\n","protected":false},"author":3,"featured_media":0,"comment_status":"open","ping_status":"open","sticky":false,"template":"","format":"standard","meta":{"colormag_page_container_layout":"default_layout","colormag_page_sidebar_layout":"default_layout","footnotes":""},"categories":[20],"tags":[],"class_list":["post-47344","post","type-post","status-publish","format-standard","hentry","category-besondere-neuigkeiten"],"_links":{"self":[{"href":"https:\/\/hier-luebeck.de\/index.php\/wp-json\/wp\/v2\/posts\/47344","targetHints":{"allow":["GET"]}}],"collection":[{"href":"https:\/\/hier-luebeck.de\/index.php\/wp-json\/wp\/v2\/posts"}],"about":[{"href":"https:\/\/hier-luebeck.de\/index.php\/wp-json\/wp\/v2\/types\/post"}],"author":[{"embeddable":true,"href":"https:\/\/hier-luebeck.de\/index.php\/wp-json\/wp\/v2\/users\/3"}],"replies":[{"embeddable":true,"href":"https:\/\/hier-luebeck.de\/index.php\/wp-json\/wp\/v2\/comments?post=47344"}],"version-history":[{"count":0,"href":"https:\/\/hier-luebeck.de\/index.php\/wp-json\/wp\/v2\/posts\/47344\/revisions"}],"wp:attachment":[{"href":"https:\/\/hier-luebeck.de\/index.php\/wp-json\/wp\/v2\/media?parent=47344"}],"wp:term":[{"taxonomy":"category","embeddable":true,"href":"https:\/\/hier-luebeck.de\/index.php\/wp-json\/wp\/v2\/categories?post=47344"},{"taxonomy":"post_tag","embeddable":true,"href":"https:\/\/hier-luebeck.de\/index.php\/wp-json\/wp\/v2\/tags?post=47344"}],"curies":[{"name":"wp","href":"https:\/\/api.w.org\/{rel}","templated":true}]}}