{"id":47360,"date":"2011-11-07T15:14:56","date_gmt":"2011-11-07T15:14:56","guid":{"rendered":"http:\/\/www.hier-luebeck.de\/2011\/11\/pol-hl-hl-st-lorenz-nord-posener-strase-betriebsunfall\/"},"modified":"2011-11-07T15:14:56","modified_gmt":"2011-11-07T15:14:56","slug":"pol-hl-hl-st-lorenz-nord-posener-strase-betriebsunfall","status":"publish","type":"post","link":"https:\/\/hier-luebeck.de\/index.php\/pol-hl-hl-st-lorenz-nord-posener-strase-betriebsunfall\/","title":{"rendered":"POL-HL: HL- St. Lorenz Nord-Posener Stra\u00dfe   \/\nBetriebsunfall"},"content":{"rendered":"<p>L\u00fcbeck (ots) &#8211; Am heutigen Montagvormittag, 07. November 2011, kam es zu einem schweren Betriebsunfall bei dem ein 40-j\u00e4hriger Schlosser lebensgef\u00e4hrlich verletzt wurde.     Der Betriebsschlosser aus Niendorf\/MV f\u00fchrte heute an einem  F\u00f6rderband Wartungsarbeiten durch, als er gegen 10.30 Uhr von  beweglichen Teilen dieses Bandes am K\u00f6rper verfasst wurde.<!--more--> Hand, Arm  und der Kopfbereich wurden eingeklemmt.     Nachdem der Mann befreit war musste  er in die Uniklinik L\u00fcbeck  gebracht werden.     Der Umwelt- und Verbraucherschutztrupp des Polizeibezirksreviers  L\u00fcbeck nahm die Ermittlung auf. Hier wird insbesondere gepr\u00fcft, ob  die Anforderungen des Arbeitsschutzes eingehalten wurden.     <\/p>\n<p>Quelle: <a href=\"http:\/\/www.presseportal.de\/polizeipresse\/pm\/43738\/2143262\/pol-hl-hl-st-lorenz-nord-posener-strasse-betriebsunfall\/api\" target=\"_blank\">presseportal.de<\/a><\/p>\n","protected":false},"excerpt":{"rendered":"<p>L\u00fcbeck (ots) &#8211; Am heutigen Montagvormittag, 07. November 2011, kam es zu einem schweren Betriebsunfall bei dem ein 40-j\u00e4hriger Schlosser<\/p>\n","protected":false},"author":3,"featured_media":0,"comment_status":"open","ping_status":"open","sticky":false,"template":"","format":"standard","meta":{"colormag_page_container_layout":"default_layout","colormag_page_sidebar_layout":"default_layout","footnotes":""},"categories":[20],"tags":[],"class_list":["post-47360","post","type-post","status-publish","format-standard","hentry","category-besondere-neuigkeiten"],"_links":{"self":[{"href":"https:\/\/hier-luebeck.de\/index.php\/wp-json\/wp\/v2\/posts\/47360","targetHints":{"allow":["GET"]}}],"collection":[{"href":"https:\/\/hier-luebeck.de\/index.php\/wp-json\/wp\/v2\/posts"}],"about":[{"href":"https:\/\/hier-luebeck.de\/index.php\/wp-json\/wp\/v2\/types\/post"}],"author":[{"embeddable":true,"href":"https:\/\/hier-luebeck.de\/index.php\/wp-json\/wp\/v2\/users\/3"}],"replies":[{"embeddable":true,"href":"https:\/\/hier-luebeck.de\/index.php\/wp-json\/wp\/v2\/comments?post=47360"}],"version-history":[{"count":0,"href":"https:\/\/hier-luebeck.de\/index.php\/wp-json\/wp\/v2\/posts\/47360\/revisions"}],"wp:attachment":[{"href":"https:\/\/hier-luebeck.de\/index.php\/wp-json\/wp\/v2\/media?parent=47360"}],"wp:term":[{"taxonomy":"category","embeddable":true,"href":"https:\/\/hier-luebeck.de\/index.php\/wp-json\/wp\/v2\/categories?post=47360"},{"taxonomy":"post_tag","embeddable":true,"href":"https:\/\/hier-luebeck.de\/index.php\/wp-json\/wp\/v2\/tags?post=47360"}],"curies":[{"name":"wp","href":"https:\/\/api.w.org\/{rel}","templated":true}]}}