{"id":48345,"date":"2011-11-22T15:55:31","date_gmt":"2011-11-22T14:55:31","guid":{"rendered":"http:\/\/www.hier-luebeck.de\/?p=48345"},"modified":"2011-11-30T19:00:18","modified_gmt":"2011-11-30T18:00:18","slug":"feuer-im-monkhofer-weg-in-lubeck","status":"publish","type":"post","link":"https:\/\/hier-luebeck.de\/index.php\/feuer-im-monkhofer-weg-in-lubeck\/","title":{"rendered":"Feuer im M\u00f6nkhofer Weg in L\u00fcbeck"},"content":{"rendered":"<p><strong><a href=\"http:\/\/www.hier-luebeck.de\/2011\/11\/feuer-im-monkhofer-weg-in-lubeck\/feuer-monkhofer-weg-058\/\" rel=\"attachment wp-att-48346\"><img loading=\"lazy\" decoding=\"async\" class=\"alignright size-full wp-image-48346\" title=\"Feuer M\u00f6nkhofer Weg 058\" src=\"http:\/\/www.hier-luebeck.de\/wp-content\/uploads\/2011\/11\/Feuer-M%C3%B6nkhofer-Weg-058.jpg\" alt=\"\" width=\"500\" height=\"335\" \/><\/a>Fotos: TBF\/Holger Kr\u00f6ger<\/strong> &#8211; Heute Morgen gegen 5:00 Uhr befuhr ein Fordfahrer den M\u00f6nkhofer Weg in Richtung Uni-Klinik. Der Fahrer bemerkte in H\u00f6he der Klosterhofschule eine Rauchentwicklung im Inneren des Fahrzeuges. Kurz darauf stand der Wagen im Vorderbereich in Vollbrand.\u00a0 Der Fahrer hat versucht mit seinem Feuerl\u00f6scher den Brand zu bek\u00e4mpfen, was ihm jedoch mi\u00dflang. Hinzu kam noch, dass sich im Kofferraum des Wagens ein Gastank befindet.<b><font color=red>&#8222;Weitere Bilder >>>!&#8220;<\/font><\/b><!--more--><a href=\"http:\/\/www.hier-luebeck.de\/2011\/11\/feuer-im-monkhofer-weg-in-lubeck\/feuer-monkhofer-weg-002\/\" rel=\"attachment wp-att-48347\"><img loading=\"lazy\" decoding=\"async\" class=\"size-full wp-image-48347 alignleft\" title=\"Feuer M\u00f6nkhofer Weg 002\" src=\"http:\/\/www.hier-luebeck.de\/wp-content\/uploads\/2011\/11\/Feuer-M%C3%B6nkhofer-Weg-002.jpg\" alt=\"\" width=\"500\" height=\"335\" \/><\/a>Die Feuerwehr war schnell vor Ort, ging aber wegen Explosionsgefahr mit Vorsicht an das Fahrzeug heran, da der Wagen unter anderem auch mit Gas betrieben wird.<br \/>\nDer Brand konnte jedoch schnell unter Kontrolle gebracht werden. Es musste aber auch Schaum zum L\u00f6schen einsetzt werden, da es immer wieder Brandnester im Motorblock gab.<br \/>\nAn dem Fahrzeug entstand Totalschaden. Der Motorblock fiel aus der Verankerung und sackte auf die Strasse. Der M\u00f6nkhofer Weg war f\u00fcr ca. 45 Minuten voll gesperrt.<br \/>\nF\u00fcr Busse gab es<br \/>\nkeine Umleitung. Die Brandursache ist vermutlich ein technischer Defekt am Fahrzeug.<\/p>\n","protected":false},"excerpt":{"rendered":"<p>Fotos: TBF\/Holger Kr\u00f6ger &#8211; Heute Morgen gegen 5:00 Uhr befuhr ein Fordfahrer den M\u00f6nkhofer Weg in Richtung Uni-Klinik. Der Fahrer<\/p>\n","protected":false},"author":3,"featured_media":0,"comment_status":"open","ping_status":"open","sticky":false,"template":"","format":"standard","meta":{"colormag_page_container_layout":"default_layout","colormag_page_sidebar_layout":"default_layout","footnotes":""},"categories":[20],"tags":[],"class_list":["post-48345","post","type-post","status-publish","format-standard","hentry","category-besondere-neuigkeiten"],"_links":{"self":[{"href":"https:\/\/hier-luebeck.de\/index.php\/wp-json\/wp\/v2\/posts\/48345","targetHints":{"allow":["GET"]}}],"collection":[{"href":"https:\/\/hier-luebeck.de\/index.php\/wp-json\/wp\/v2\/posts"}],"about":[{"href":"https:\/\/hier-luebeck.de\/index.php\/wp-json\/wp\/v2\/types\/post"}],"author":[{"embeddable":true,"href":"https:\/\/hier-luebeck.de\/index.php\/wp-json\/wp\/v2\/users\/3"}],"replies":[{"embeddable":true,"href":"https:\/\/hier-luebeck.de\/index.php\/wp-json\/wp\/v2\/comments?post=48345"}],"version-history":[{"count":0,"href":"https:\/\/hier-luebeck.de\/index.php\/wp-json\/wp\/v2\/posts\/48345\/revisions"}],"wp:attachment":[{"href":"https:\/\/hier-luebeck.de\/index.php\/wp-json\/wp\/v2\/media?parent=48345"}],"wp:term":[{"taxonomy":"category","embeddable":true,"href":"https:\/\/hier-luebeck.de\/index.php\/wp-json\/wp\/v2\/categories?post=48345"},{"taxonomy":"post_tag","embeddable":true,"href":"https:\/\/hier-luebeck.de\/index.php\/wp-json\/wp\/v2\/tags?post=48345"}],"curies":[{"name":"wp","href":"https:\/\/api.w.org\/{rel}","templated":true}]}}