{"id":48594,"date":"2011-11-25T15:43:20","date_gmt":"2011-11-25T15:43:20","guid":{"rendered":"http:\/\/www.hier-luebeck.de\/2011\/11\/pol-hl-hl-marli-polizei-unterbindet-weiterfahrt-eines-lkw\/"},"modified":"2011-11-25T15:43:20","modified_gmt":"2011-11-25T15:43:20","slug":"pol-hl-hl-marli-polizei-unterbindet-weiterfahrt-eines-lkw","status":"publish","type":"post","link":"https:\/\/hier-luebeck.de\/index.php\/pol-hl-hl-marli-polizei-unterbindet-weiterfahrt-eines-lkw\/","title":{"rendered":"POL-HL: HL &#8211; Marli    \/\nPolizei  unterbindet Weiterfahrt eines Lkw"},"content":{"rendered":"<p>L\u00fcbeck (ots) &#8211; Da staunten die Beamten des 3. Polizeirevier  L\u00fcbecks nicht schlecht. In der Marlistra\u00dfe fuhr ein Abschleppwagen  vor ihnen, der einen Lkw mit Auflieger abschleppte. Auf diesem  Auflieger befanden sich die Karosserie eines   VW-Bus und eines 7,5  Tonnen Lkws. Diese waren nur mit Spanngurten und jeweils einer Kette  befestigt.<!--more--> Unter den Karosserien lagen augenscheinlich noch weitere  Teile. Die gesamte Ladung neigte sich bedenklich nach rechts.     Der ungew\u00f6hnliche Hamburger Abschlepper wurde unter  Polizeibegleitung in die nahe gelegene Mayachstra\u00dfe begleitet &#8211; zum  dortigen T\u00dcV Nord. Dort wurden diverse technische M\u00e4ngel und eine  deutliche \u00dcberladung festgestellt, die eine Weiterfahrt Richtung  Hamburg ausschlossen. Der Abschlepper wurde nun noch einmal mit  Polizeibegleitung zu einem nahe gelegenen Sandstreifen begleitet, wo  der 53-j\u00e4hrige Fahrer die Schl\u00fcssel f\u00fcr das Fahrzeug abgeben musste.  Das Fahrzeug kann erst weiterfahren, wenn die M\u00e4ngel behoben,  erhebliche Teile der Ladung abgeladen und neue Kurzzeitkennzeichen  angebracht wurden.     <\/p>\n<p>Quelle: <a href=\"http:\/\/www.presseportal.de\/polizeipresse\/pm\/43738\/2154859\/pol-hl-hl-marli-polizei-unterbindet-weiterfahrt-eines-lkw\/api\" target=\"_blank\">presseportal.de<\/a><\/p>\n","protected":false},"excerpt":{"rendered":"<p>L\u00fcbeck (ots) &#8211; Da staunten die Beamten des 3. Polizeirevier L\u00fcbecks nicht schlecht. In der Marlistra\u00dfe fuhr ein Abschleppwagen vor<\/p>\n","protected":false},"author":3,"featured_media":0,"comment_status":"open","ping_status":"open","sticky":false,"template":"","format":"standard","meta":{"colormag_page_container_layout":"default_layout","colormag_page_sidebar_layout":"default_layout","footnotes":""},"categories":[20],"tags":[],"class_list":["post-48594","post","type-post","status-publish","format-standard","hentry","category-besondere-neuigkeiten"],"_links":{"self":[{"href":"https:\/\/hier-luebeck.de\/index.php\/wp-json\/wp\/v2\/posts\/48594","targetHints":{"allow":["GET"]}}],"collection":[{"href":"https:\/\/hier-luebeck.de\/index.php\/wp-json\/wp\/v2\/posts"}],"about":[{"href":"https:\/\/hier-luebeck.de\/index.php\/wp-json\/wp\/v2\/types\/post"}],"author":[{"embeddable":true,"href":"https:\/\/hier-luebeck.de\/index.php\/wp-json\/wp\/v2\/users\/3"}],"replies":[{"embeddable":true,"href":"https:\/\/hier-luebeck.de\/index.php\/wp-json\/wp\/v2\/comments?post=48594"}],"version-history":[{"count":0,"href":"https:\/\/hier-luebeck.de\/index.php\/wp-json\/wp\/v2\/posts\/48594\/revisions"}],"wp:attachment":[{"href":"https:\/\/hier-luebeck.de\/index.php\/wp-json\/wp\/v2\/media?parent=48594"}],"wp:term":[{"taxonomy":"category","embeddable":true,"href":"https:\/\/hier-luebeck.de\/index.php\/wp-json\/wp\/v2\/categories?post=48594"},{"taxonomy":"post_tag","embeddable":true,"href":"https:\/\/hier-luebeck.de\/index.php\/wp-json\/wp\/v2\/tags?post=48594"}],"curies":[{"name":"wp","href":"https:\/\/api.w.org\/{rel}","templated":true}]}}