{"id":48792,"date":"2011-11-29T16:44:49","date_gmt":"2011-11-29T15:44:49","guid":{"rendered":"http:\/\/www.hier-luebeck.de\/?p=48792"},"modified":"2011-11-30T18:40:37","modified_gmt":"2011-11-30T17:40:37","slug":"satire-matthias-erz-hat-ausgedient-und-wird-abgehangt","status":"publish","type":"post","link":"https:\/\/hier-luebeck.de\/index.php\/satire-matthias-erz-hat-ausgedient-und-wird-abgehangt\/","title":{"rendered":"Satire: Matthias Erz hat ausgedient und wird abgeh\u00e4ngt"},"content":{"rendered":"<p><strong><a href=\"http:\/\/www.hier-luebeck.de\/2011\/11\/satire-matthias-erz-hat-ausgedient-und-wird-abgehangt\/tbf-wahlplakate-048\/\" rel=\"attachment wp-att-48803\"><img loading=\"lazy\" decoding=\"async\" class=\"alignleft size-full wp-image-48803\" title=\"tbf Wahlplakate 048\" src=\"http:\/\/www.hier-luebeck.de\/wp-content\/uploads\/2011\/11\/tbf-Wahlplakate-048.jpg\" alt=\"\" width=\"450\" height=\"337\" srcset=\"https:\/\/hier-luebeck.de\/wp-content\/uploads\/2011\/11\/tbf-Wahlplakate-048.jpg 640w, https:\/\/hier-luebeck.de\/wp-content\/uploads\/2011\/11\/tbf-Wahlplakate-048-320x240.jpg 320w, https:\/\/hier-luebeck.de\/wp-content\/uploads\/2011\/11\/tbf-Wahlplakate-048-426x319.jpg 426w\" sizes=\"auto, (max-width: 450px) 100vw, 450px\" \/><\/a>Fotos: TBF\/Holger Kr\u00f6ger<\/strong> &#8211; Matthias Erz, bis zu seiner verlorenen Wahl, hoffnungsfroher B\u00fcrgermeisterkandidat in diesem Monat,\u00a0 hat die Wahl verloren und hat nun, wie man sehen kann,\u00a0 endg\u00fcltig abgedankt und wurde \u00fcberall &#8222;entsorgt&#8220;!\u00a0 \ud83d\ude42 St\u00e4dtische Mitarbeiter h\u00e4ngten die Wahlplakate, die noch \u00fcberall an Masten h\u00e4ngen ab und lagern die Schilder f\u00fcr eine Neuverwendung ein.<strong><span style=\"color: red;\">&#8222;Weitere Bilder &gt;&gt;&gt;!&#8220;<\/span><\/strong><!--more--><a href=\"http:\/\/www.hier-luebeck.de\/2011\/11\/satire-matthias-erz-hat-ausgedient-und-wird-abgehangt\/tbf-wahlplakate-018\/\" rel=\"attachment wp-att-48799\"><img loading=\"lazy\" decoding=\"async\" class=\"alignleft size-full wp-image-48799\" title=\"tbf Wahlplakate 018\" src=\"http:\/\/www.hier-luebeck.de\/wp-content\/uploads\/2011\/11\/tbf-Wahlplakate-018.jpg\" alt=\"\" width=\"640\" height=\"480\" srcset=\"https:\/\/hier-luebeck.de\/wp-content\/uploads\/2011\/11\/tbf-Wahlplakate-018.jpg 640w, https:\/\/hier-luebeck.de\/wp-content\/uploads\/2011\/11\/tbf-Wahlplakate-018-320x240.jpg 320w, https:\/\/hier-luebeck.de\/wp-content\/uploads\/2011\/11\/tbf-Wahlplakate-018-426x319.jpg 426w\" sizes=\"auto, (max-width: 640px) 100vw, 640px\" \/><\/a><a href=\"http:\/\/www.hier-luebeck.de\/2011\/11\/satire-matthias-erz-hat-ausgedient-und-wird-abgehangt\/tbf-wahlplakate-059\/\" rel=\"attachment wp-att-48806\"><img loading=\"lazy\" decoding=\"async\" class=\"alignleft size-full wp-image-48806\" title=\"tbf Wahlplakate 059\" src=\"http:\/\/www.hier-luebeck.de\/wp-content\/uploads\/2011\/11\/tbf-Wahlplakate-059.jpg\" alt=\"\" width=\"640\" height=\"480\" srcset=\"https:\/\/hier-luebeck.de\/wp-content\/uploads\/2011\/11\/tbf-Wahlplakate-059.jpg 640w, https:\/\/hier-luebeck.de\/wp-content\/uploads\/2011\/11\/tbf-Wahlplakate-059-320x240.jpg 320w, https:\/\/hier-luebeck.de\/wp-content\/uploads\/2011\/11\/tbf-Wahlplakate-059-426x319.jpg 426w\" sizes=\"auto, (max-width: 640px) 100vw, 640px\" \/><\/a><a href=\"http:\/\/www.hier-luebeck.de\/2011\/11\/satire-matthias-erz-hat-ausgedient-und-wird-abgehangt\/tbf-wahlplakate-063\/\" rel=\"attachment wp-att-48798\"><img loading=\"lazy\" decoding=\"async\" class=\"alignleft size-full wp-image-48798\" title=\"tbf Wahlplakate 063\" src=\"http:\/\/www.hier-luebeck.de\/wp-content\/uploads\/2011\/11\/tbf-Wahlplakate-063.jpg\" alt=\"\" width=\"640\" height=\"799\" srcset=\"https:\/\/hier-luebeck.de\/wp-content\/uploads\/2011\/11\/tbf-Wahlplakate-063.jpg 640w, https:\/\/hier-luebeck.de\/wp-content\/uploads\/2011\/11\/tbf-Wahlplakate-063-256x320.jpg 256w, https:\/\/hier-luebeck.de\/wp-content\/uploads\/2011\/11\/tbf-Wahlplakate-063-272x340.jpg 272w\" sizes=\"auto, (max-width: 640px) 100vw, 640px\" \/><\/a><\/p>\n","protected":false},"excerpt":{"rendered":"<p>Fotos: TBF\/Holger Kr\u00f6ger &#8211; Matthias Erz, bis zu seiner verlorenen Wahl, hoffnungsfroher B\u00fcrgermeisterkandidat in diesem Monat,\u00a0 hat die Wahl verloren<\/p>\n","protected":false},"author":3,"featured_media":0,"comment_status":"open","ping_status":"open","sticky":false,"template":"","format":"standard","meta":{"colormag_page_container_layout":"default_layout","colormag_page_sidebar_layout":"default_layout","footnotes":""},"categories":[5],"tags":[],"class_list":["post-48792","post","type-post","status-publish","format-standard","hentry","category-politik-wirtschaft"],"_links":{"self":[{"href":"https:\/\/hier-luebeck.de\/index.php\/wp-json\/wp\/v2\/posts\/48792","targetHints":{"allow":["GET"]}}],"collection":[{"href":"https:\/\/hier-luebeck.de\/index.php\/wp-json\/wp\/v2\/posts"}],"about":[{"href":"https:\/\/hier-luebeck.de\/index.php\/wp-json\/wp\/v2\/types\/post"}],"author":[{"embeddable":true,"href":"https:\/\/hier-luebeck.de\/index.php\/wp-json\/wp\/v2\/users\/3"}],"replies":[{"embeddable":true,"href":"https:\/\/hier-luebeck.de\/index.php\/wp-json\/wp\/v2\/comments?post=48792"}],"version-history":[{"count":0,"href":"https:\/\/hier-luebeck.de\/index.php\/wp-json\/wp\/v2\/posts\/48792\/revisions"}],"wp:attachment":[{"href":"https:\/\/hier-luebeck.de\/index.php\/wp-json\/wp\/v2\/media?parent=48792"}],"wp:term":[{"taxonomy":"category","embeddable":true,"href":"https:\/\/hier-luebeck.de\/index.php\/wp-json\/wp\/v2\/categories?post=48792"},{"taxonomy":"post_tag","embeddable":true,"href":"https:\/\/hier-luebeck.de\/index.php\/wp-json\/wp\/v2\/tags?post=48792"}],"curies":[{"name":"wp","href":"https:\/\/api.w.org\/{rel}","templated":true}]}}