{"id":4881,"date":"2007-11-22T21:44:14","date_gmt":"2007-11-22T21:44:14","guid":{"rendered":"http:\/\/testserver\/wordpress\/?p=4781"},"modified":"2007-11-22T21:44:14","modified_gmt":"2007-11-22T21:44:14","slug":"archologie_und_denkmalpflege_jetzt_im_willybrandthaus","status":"publish","type":"post","link":"https:\/\/hier-luebeck.de\/index.php\/archologie_und_denkmalpflege_jetzt_im_willybrandthaus\/","title":{"rendered":"Arch\u00e4ologie und Denkmalpflege jetzt im &#8222;Willy-Brandt-Haus&#8220;"},"content":{"rendered":"<p><img decoding=\"async\" title=\"DenkmalSch-Umzug\" src=\"http:\/\/www.hier-luebeck.de\/images\/topics\/DenkmalSch-Umzug.jpg\" alt=\"DenkmalSch-Umzug\" \/><br \/>\nSeinen neuen Dienstsitz in der K\u00f6nigstra\u00dfe 21 hat der neu formierte Bereich &#8222;Arch\u00e4ologie und Denkmalspflege&#8220; der Hansestadt L\u00fcbeck bezogen. In einer kleinen Feierstunde \u00fcbergab Kultursenatorin Anke Borns gemeinsam mit  dem Bereichsleiter Arch\u00e4ologie und Denkmalpflege Professor Dr. Manfred Gl\u00e4ser und der \u00f6rtlichen Vertreterin der Deutschen Stiftung Denkmalschutz Ulrike Scholtz  nun &#8211; musikalisch unterst\u00fctzt von Martina Tegtmeyer &#8211; die R\u00e4umlichkeiten ihrer neuen Bestimmung.<!--more-->Im September dieses Jahres wurde nach einer Sanierungszeit von rund drei Jahren das unter Denkmalschutz stehende Geb\u00e4ude K\u00f6nigstra\u00dfe 21 zum repr\u00e4sentativen Dienstsitz ausgebaut. Ab Dezember wird das Haus im Erdgeschoss die Ausstellungs- und Seminarr\u00e4ume der Bundeskanzler-Willy-Brandt-Stiftung beherbergen.<br \/>\nDas seit 1822 im Eigentum der Hansestadt befindliche ehemalige Amtshaus wurde unter Beteiligung der Hansestadt L\u00fcbeck, der Bundeskanzler-Willy-Brandt-Stiftung und der Deutsche Stiftung Denkmalschutz saniert. Die beiden Stiftungen stellten hierf\u00fcr zusammen 2,8 Millionen Euro zur Verf\u00fcgung; die Hansestadt brachte ihre repr\u00e4sentative Immobilie ein.<\/p>\n<p>Die Abteilung Denkmalpflege hat mit dem Umzug in die Obergeschosse des Hauses ihren Dienstsitz nach rund sechs Jahren wieder in ein historisches Geb\u00e4ude in der Innenstadt verlegt.<\/p>\n<p>Das urkundlich erstmals 1286 erw\u00e4hnte Grundst\u00fcck K\u00f6nigstra\u00dfe 21 war bis 1581 mit einem mittelalterlichen Vorg\u00e4ngerhaus bebaut. 1581 wurde dieses Geb\u00e4ude wegen &#8222;vollst\u00e4ndigen Verfalls&#8220; umgebaut als Haus der Zirkelbr\u00fcdergesellschaft oder Junkerkompanie, einer Gesellschaft von Kaufleuten aus ratsf\u00e4higen Familien, die die Mehrzahl der L\u00fcbecker B\u00fcrgermeister stellte. Im Laufe seiner wechselvollen Geschichte war das Geb\u00e4ude Sitz zahlreicher Institutionen, unter anderem: Milit\u00e4rhospital (1813), Oberappellationsgericht (1824-1879), Staatsarchiv (1881-1936), \u00d6ffentliche B\u00fccherhalle (1937-1979) und Zusatzeinrichtung der Schule Katharineum (ab 1980\/81).<\/p>\n","protected":false},"excerpt":{"rendered":"<p>Seinen neuen Dienstsitz in der K\u00f6nigstra\u00dfe 21 hat der neu formierte Bereich &#8222;Arch\u00e4ologie und Denkmalspflege&#8220; der Hansestadt L\u00fcbeck bezogen. In<\/p>\n","protected":false},"author":292,"featured_media":0,"comment_status":"open","ping_status":"open","sticky":false,"template":"","format":"standard","meta":{"colormag_page_container_layout":"default_layout","colormag_page_sidebar_layout":"default_layout","footnotes":""},"categories":[7],"tags":[],"class_list":["post-4881","post","type-post","status-publish","format-standard","hentry","category-wissenschaft"],"_links":{"self":[{"href":"https:\/\/hier-luebeck.de\/index.php\/wp-json\/wp\/v2\/posts\/4881","targetHints":{"allow":["GET"]}}],"collection":[{"href":"https:\/\/hier-luebeck.de\/index.php\/wp-json\/wp\/v2\/posts"}],"about":[{"href":"https:\/\/hier-luebeck.de\/index.php\/wp-json\/wp\/v2\/types\/post"}],"author":[{"embeddable":true,"href":"https:\/\/hier-luebeck.de\/index.php\/wp-json\/wp\/v2\/users\/292"}],"replies":[{"embeddable":true,"href":"https:\/\/hier-luebeck.de\/index.php\/wp-json\/wp\/v2\/comments?post=4881"}],"version-history":[{"count":0,"href":"https:\/\/hier-luebeck.de\/index.php\/wp-json\/wp\/v2\/posts\/4881\/revisions"}],"wp:attachment":[{"href":"https:\/\/hier-luebeck.de\/index.php\/wp-json\/wp\/v2\/media?parent=4881"}],"wp:term":[{"taxonomy":"category","embeddable":true,"href":"https:\/\/hier-luebeck.de\/index.php\/wp-json\/wp\/v2\/categories?post=4881"},{"taxonomy":"post_tag","embeddable":true,"href":"https:\/\/hier-luebeck.de\/index.php\/wp-json\/wp\/v2\/tags?post=4881"}],"curies":[{"name":"wp","href":"https:\/\/api.w.org\/{rel}","templated":true}]}}