{"id":4884,"date":"2007-11-22T22:21:36","date_gmt":"2007-11-22T22:21:36","guid":{"rendered":"http:\/\/testserver\/wordpress\/?p=4784"},"modified":"2007-11-22T22:21:36","modified_gmt":"2007-11-22T22:21:36","slug":"gastspiel_in_muk_ralf_schmitz_mit__verschmitzt","status":"publish","type":"post","link":"https:\/\/hier-luebeck.de\/index.php\/gastspiel_in_muk_ralf_schmitz_mit__verschmitzt\/","title":{"rendered":"Gastspiel in MuK: Ralf Schmitz mit  &#8222;Verschmitzt&#8220;"},"content":{"rendered":"<p><img decoding=\"async\" title=\"Schmitz,Ralf\" src=\"http:\/\/www.hier-luebeck.de\/images\/topics\/Schmitz,Ralf.jpg\" alt=\"Schmitz,Ralf\" \/><br \/>\nUnersch\u00f6pfliche Energie: Nach dem gro\u00dfen Erfolg seiner ausverkauften ersten Solo-Tournee kommt Ralf Schmitz, der Turbo unter den Comedians, jetzt mit seinem neuen Soloprogramm &#8222;Verschmitzt&#8220; live auf die B\u00fchne. Er bietet einen h\u00f6chst abwechslungsreichen Abend und mixt aus Stand Up, Physical Comedy, Musik und Improvisationen mal einen &#8222;Bloody Ralf&#8220; oder einen &#8222;Sex on the Schmitz&#8220;. SO 02.12. &#8211; 20.00 Uhr. Foto.Veranstalter<!--more-->Nach eigener Fernsehshow, regelm\u00e4\u00dfigen Auftritten in der Schillerstra\u00dfe und Genial daneben, nach der Kino-Rolle &#8222;Sunny&#8220; in Sieben Zwerge &#8211; Der Wald ist nicht genug und als Stimme von Eichh\u00f6rnchen &#8222;Hammy&#8220; in Ab durch die Hecke brennt der mehrfach ausgezeichnete Comedian nun darauf, seinem Publikum vor Ort wieder jede Menge Schmitz live zu bieten.<\/p>\n","protected":false},"excerpt":{"rendered":"<p>Unersch\u00f6pfliche Energie: Nach dem gro\u00dfen Erfolg seiner ausverkauften ersten Solo-Tournee kommt Ralf Schmitz, der Turbo unter den Comedians, jetzt mit<\/p>\n","protected":false},"author":292,"featured_media":0,"comment_status":"open","ping_status":"open","sticky":false,"template":"","format":"standard","meta":{"colormag_page_container_layout":"default_layout","colormag_page_sidebar_layout":"default_layout","footnotes":""},"categories":[13],"tags":[],"class_list":["post-4884","post","type-post","status-publish","format-standard","hentry","category-veranstaltungen"],"_links":{"self":[{"href":"https:\/\/hier-luebeck.de\/index.php\/wp-json\/wp\/v2\/posts\/4884","targetHints":{"allow":["GET"]}}],"collection":[{"href":"https:\/\/hier-luebeck.de\/index.php\/wp-json\/wp\/v2\/posts"}],"about":[{"href":"https:\/\/hier-luebeck.de\/index.php\/wp-json\/wp\/v2\/types\/post"}],"author":[{"embeddable":true,"href":"https:\/\/hier-luebeck.de\/index.php\/wp-json\/wp\/v2\/users\/292"}],"replies":[{"embeddable":true,"href":"https:\/\/hier-luebeck.de\/index.php\/wp-json\/wp\/v2\/comments?post=4884"}],"version-history":[{"count":0,"href":"https:\/\/hier-luebeck.de\/index.php\/wp-json\/wp\/v2\/posts\/4884\/revisions"}],"wp:attachment":[{"href":"https:\/\/hier-luebeck.de\/index.php\/wp-json\/wp\/v2\/media?parent=4884"}],"wp:term":[{"taxonomy":"category","embeddable":true,"href":"https:\/\/hier-luebeck.de\/index.php\/wp-json\/wp\/v2\/categories?post=4884"},{"taxonomy":"post_tag","embeddable":true,"href":"https:\/\/hier-luebeck.de\/index.php\/wp-json\/wp\/v2\/tags?post=4884"}],"curies":[{"name":"wp","href":"https:\/\/api.w.org\/{rel}","templated":true}]}}