{"id":48845,"date":"2011-11-29T12:04:18","date_gmt":"2011-11-29T12:04:18","guid":{"rendered":"http:\/\/www.hier-luebeck.de\/2011\/11\/pol-se-tornesch-ahrenloher-strase-verkehrskontrolle-am-montagnachmittag-durch-polizei-autobahn-und-bezirksrevier-pinneberg-46-jahrige-transporter-fahrerin-mit-157-promille-gestoppt\/"},"modified":"2011-11-29T12:04:18","modified_gmt":"2011-11-29T12:04:18","slug":"pol-se-tornesch-ahrenloher-strase-verkehrskontrolle-am-montagnachmittag-durch-polizei-autobahn-und-bezirksrevier-pinneberg-46-jahrige-transporter-fahrerin-mit-157-promille-gestoppt","status":"publish","type":"post","link":"https:\/\/hier-luebeck.de\/index.php\/pol-se-tornesch-ahrenloher-strase-verkehrskontrolle-am-montagnachmittag-durch-polizei-autobahn-und-bezirksrevier-pinneberg-46-jahrige-transporter-fahrerin-mit-157-promille-gestoppt\/","title":{"rendered":"POL-SE: Tornesch: Ahrenloher Stra\u00dfe &#8211; Verkehrskontrolle am Montagnachmittag durch Polizei-Autobahn- und Bezirksrevier Pinneberg &#8211; 46-j\u00e4hrige Transporter-Fahrerin mit 1,57 Promille gestoppt"},"content":{"rendered":"<p>Tornesch: (ots) &#8211; Beamte des Polizei-Autobahn- und Bezirksreviers  Pinneberg haben gestern Nachmittag den Verkehr auf der Ahrenloher  Stra\u00dfe in Richtung Autobahn 23 kontrolliert. Von den Autofahrern  unbemerkt, haben Zivilkr\u00e4fte an die Kontrollstelle in H\u00f6he Kuhlenweg  augenscheinliche Verst\u00f6\u00dfe vorausgemeldet.     Ab 15 Uhr hatten sich f\u00fcnf Beamte in dem Bereich postiert.<!--more--> Zwei  Beamte in zivil sichteten im Vorwege augenscheinliche Verst\u00f6\u00dfe. So  kam es, dass von insgesamt 10 \u00fcberpr\u00fcften PKW und LKW ebenso viele  Verst\u00f6\u00dfe festgestellt wurden. F\u00fcnf Fahrer waren nicht angeschnallt,  einer fuhr bei Rot \u00fcber die Ampel, ein weiterer telefonierte w\u00e4hrend  der Fahrt. Aufgrund festgestellter Beleuchtungsm\u00e4ngel und nicht  mitgef\u00fchrter Papiere wurden einige Kontrollberichte gefertigt.     Ein Kleintransporter war gegen 16.15 Uhr zun\u00e4chst wegen eines  \u00fcberf\u00e4lligen T\u00dcV Termins und eines nicht angeschnallten Beifahrers  aufgefallen Die Kontrolle ergab dann aber auch den Verdacht einer  Straftat. Die  46-j\u00e4hrige Transporter-Fahrerin aus Ellerhoop stand  offensichtlich erheblich unter dem Einfluss von Alkohol. Ein  Atemalkoholtest ergab einen Wert von 1,57 Promille. Die Beschuldigte  musste mit zur Tornescher Wache, wo ihr eine Blutprobe entnommen  wurde. Den F\u00fchrerschein behielten die Beamten ein.   ots Originaltext: Polizeidirektion Bad Segeberg Digitale Pressemappe: http:\/\/www.polizeipresse.de\/p_story.htx?firmaid=19027  <\/p>\n<p>Quelle: <a href=\"http:\/\/www.presseportal.de\/polizeipresse\/pm\/19027\/2156596\/pol-se-tornesch-ahrenloher-strasse-verkehrskontrolle-am-montagnachmittag-durch-polizei-autobahn-und\/api\" target=\"_blank\">presseportal.de<\/a><\/p>\n","protected":false},"excerpt":{"rendered":"<p>Tornesch: (ots) &#8211; Beamte des Polizei-Autobahn- und Bezirksreviers Pinneberg haben gestern Nachmittag den Verkehr auf der Ahrenloher Stra\u00dfe in Richtung<\/p>\n","protected":false},"author":3,"featured_media":0,"comment_status":"open","ping_status":"open","sticky":false,"template":"","format":"standard","meta":{"colormag_page_container_layout":"default_layout","colormag_page_sidebar_layout":"default_layout","footnotes":""},"categories":[20],"tags":[],"class_list":["post-48845","post","type-post","status-publish","format-standard","hentry","category-besondere-neuigkeiten"],"_links":{"self":[{"href":"https:\/\/hier-luebeck.de\/index.php\/wp-json\/wp\/v2\/posts\/48845","targetHints":{"allow":["GET"]}}],"collection":[{"href":"https:\/\/hier-luebeck.de\/index.php\/wp-json\/wp\/v2\/posts"}],"about":[{"href":"https:\/\/hier-luebeck.de\/index.php\/wp-json\/wp\/v2\/types\/post"}],"author":[{"embeddable":true,"href":"https:\/\/hier-luebeck.de\/index.php\/wp-json\/wp\/v2\/users\/3"}],"replies":[{"embeddable":true,"href":"https:\/\/hier-luebeck.de\/index.php\/wp-json\/wp\/v2\/comments?post=48845"}],"version-history":[{"count":0,"href":"https:\/\/hier-luebeck.de\/index.php\/wp-json\/wp\/v2\/posts\/48845\/revisions"}],"wp:attachment":[{"href":"https:\/\/hier-luebeck.de\/index.php\/wp-json\/wp\/v2\/media?parent=48845"}],"wp:term":[{"taxonomy":"category","embeddable":true,"href":"https:\/\/hier-luebeck.de\/index.php\/wp-json\/wp\/v2\/categories?post=48845"},{"taxonomy":"post_tag","embeddable":true,"href":"https:\/\/hier-luebeck.de\/index.php\/wp-json\/wp\/v2\/tags?post=48845"}],"curies":[{"name":"wp","href":"https:\/\/api.w.org\/{rel}","templated":true}]}}