{"id":4977,"date":"2007-12-06T17:10:08","date_gmt":"2007-12-06T17:10:08","guid":{"rendered":"http:\/\/testserver\/wordpress\/?p=4877"},"modified":"2007-12-06T17:10:08","modified_gmt":"2007-12-06T17:10:08","slug":"neumnster_time_to_figh__nazikampf_in_der_stadthalle_absagen","status":"publish","type":"post","link":"https:\/\/hier-luebeck.de\/index.php\/neumnster_time_to_figh__nazikampf_in_der_stadthalle_absagen\/","title":{"rendered":"Neum\u00fcnster: &#8222;Time to figh&#8220; &#8211; Nazi-Kampf in der Stadthalle absagen!"},"content":{"rendered":"<p><img decoding=\"async\" title=\"hierluebecklogo\" src=\"http:\/\/www.hier-luebeck.de\/images\/topics\/hierluebecklogo.jpg\" alt=\"hierluebecklogo\" \/><br \/>\nZu der f\u00fcr Samstag in der Neum\u00fcnsteraner Stadthalle geplanten Veranstaltung &#8222;Time to fight&#8220; erkl\u00e4ren Angelika Beer MdEP und Robert Habeck, Landesvorsitzender von B\u00dcNDNIS 90\/DIE GR\u00dcNEN:<\/p>\n<p>&#8222;Wir fordern den Veranstalter dringend auf, die f\u00fcr Samstag geplante Veranstaltung &#8222;Time to fight&#8220; abzusagen.<!--more-->Hier handelt es sich nicht um eine gew\u00f6hnliche Sportveranstaltung, stattdessen wird hier eine B\u00fchne f\u00fcr Gewalt verherrlichende, vorbestrafte Rechtsextreme geschaffen.&#8220;<\/p>\n<p>Der Mitorganisator Klemens Otto, ehemaliger Anf\u00fchrer der Kameradschaft Pinneberg, ist mehrfach wegen Gewaltdelikten und wegen der Bildung der kriminellen Vereinigung &#8222;Combat&#8220; verurteilt. Der rechtsextreme Hintergrund wird auch durch die Abbildung eines stadtbekannten Szene-Mitglieds rund um den Club 88 auf dem Veranstaltungsplakat und die eindeutigen T\u00e4towierungen der abgebildeten K\u00e4mpfer deutlich.<\/p>\n<p>&#8222;Wir distanzieren uns entschieden von dem parteilosen Veranstalter, der in der Vergangenheit f\u00fcr die Alternative Liste Neum\u00fcnster zur Ratsversammlung kandidiert hat. Wir erwarten von jedem unserer Mitglieder sowie unseren Kandidatinnen und Kandidaten, dass sie Rechtsextremisten keine B\u00fchne bieten. Keine Toleranz f\u00fcr Rechtsextremisten!&#8220;<\/p>\n","protected":false},"excerpt":{"rendered":"<p>Zu der f\u00fcr Samstag in der Neum\u00fcnsteraner Stadthalle geplanten Veranstaltung &#8222;Time to fight&#8220; erkl\u00e4ren Angelika Beer MdEP und Robert Habeck,<\/p>\n","protected":false},"author":3,"featured_media":0,"comment_status":"open","ping_status":"open","sticky":false,"template":"","format":"standard","meta":{"colormag_page_container_layout":"default_layout","colormag_page_sidebar_layout":"default_layout","footnotes":""},"categories":[13],"tags":[],"class_list":["post-4977","post","type-post","status-publish","format-standard","hentry","category-veranstaltungen"],"_links":{"self":[{"href":"https:\/\/hier-luebeck.de\/index.php\/wp-json\/wp\/v2\/posts\/4977","targetHints":{"allow":["GET"]}}],"collection":[{"href":"https:\/\/hier-luebeck.de\/index.php\/wp-json\/wp\/v2\/posts"}],"about":[{"href":"https:\/\/hier-luebeck.de\/index.php\/wp-json\/wp\/v2\/types\/post"}],"author":[{"embeddable":true,"href":"https:\/\/hier-luebeck.de\/index.php\/wp-json\/wp\/v2\/users\/3"}],"replies":[{"embeddable":true,"href":"https:\/\/hier-luebeck.de\/index.php\/wp-json\/wp\/v2\/comments?post=4977"}],"version-history":[{"count":0,"href":"https:\/\/hier-luebeck.de\/index.php\/wp-json\/wp\/v2\/posts\/4977\/revisions"}],"wp:attachment":[{"href":"https:\/\/hier-luebeck.de\/index.php\/wp-json\/wp\/v2\/media?parent=4977"}],"wp:term":[{"taxonomy":"category","embeddable":true,"href":"https:\/\/hier-luebeck.de\/index.php\/wp-json\/wp\/v2\/categories?post=4977"},{"taxonomy":"post_tag","embeddable":true,"href":"https:\/\/hier-luebeck.de\/index.php\/wp-json\/wp\/v2\/tags?post=4977"}],"curies":[{"name":"wp","href":"https:\/\/api.w.org\/{rel}","templated":true}]}}