{"id":51364,"date":"2011-11-22T15:05:16","date_gmt":"2011-11-22T15:05:16","guid":{"rendered":"http:\/\/www.hier-luebeck.de\/2011\/11\/bka-ermittlungen-gegen-mitglieder-der-terroristischen-vereinigung-nationalsozialistischer-untergrund-nsu-bka-informiert-uber-neue-ermittlungsdetails-zumgeschehen-am-wohnmobil-in-eisenach-32\/"},"modified":"2011-11-22T15:05:16","modified_gmt":"2011-11-22T15:05:16","slug":"bka-ermittlungen-gegen-mitglieder-der-terroristischen-vereinigung-nationalsozialistischer-untergrund-nsu-bka-informiert-uber-neue-ermittlungsdetails-zumgeschehen-am-wohnmobil-in-eisenach-32","status":"publish","type":"post","link":"https:\/\/hier-luebeck.de\/index.php\/bka-ermittlungen-gegen-mitglieder-der-terroristischen-vereinigung-nationalsozialistischer-untergrund-nsu-bka-informiert-uber-neue-ermittlungsdetails-zumgeschehen-am-wohnmobil-in-eisenach-32\/","title":{"rendered":"BKA: Ermittlungen gegen Mitglieder der terroristischen \nVereinigung &#8222;Nationalsozialistischer Untergrund (NSU)&#8220;\n&#8211; BKA informiert \u00fcber neue Ermittlungsdetails zum\nGeschehen am Wohnmobil in Eisenach &#8211;"},"content":{"rendered":"<p>Wiesbaden (ots) &#8211; Am 04.November 2011 wurden Uwe B. und Uwe M. in  einem Wohnmobil nahe Eisenach tot aufgefunden.     Die ermittelnden Beh\u00f6rden gehen davon aus, dass die beiden im  Wohnmobil aufh\u00e4ltigen T\u00e4ter bemerkt hatten, dass sich Polizeibeamte  dem Fahrzeug n\u00e4herten. Daraufhin hat, so der bisherige Stand der  Obduktionen und der Tatrekonstruktion, Uwe M. erst seinen Komplizen  Uwe B.<!--more--> erschossen, danach das Wohnmobil in Brand gesetzt und sich  anschlie\u00dfend selbst gerichtet.     Die abgeschlossenen Vernehmungen der seinerzeit vor Ort  eingesetzten Polizeibeamten und weitere Ermittlungen zur  Tatrekonstruktion best\u00e4tigen den angenommenen Geschehensablauf. Die  Aussagen der eingesetzten Polizeibeamten lassen zudem den Schluss zu, dass es bei der Ann\u00e4herung der beiden Beamten an das Fahrzeug  vermutlich aus dem Wohnmobil heraus eine Schussabgabe gegeben hat.  Die beiden eingesetzten Beamten berichten von insgesamt drei  wahrgenommenen Knallger\u00e4uschen.     Die Auffindesituation im Wohnmobil st\u00fctzt die Aussage der Beamten. Im Fahrzeug wurde unter anderem griffbereit eine mutma\u00dflich defekte  Maschinenpistole aufgefunden, aus der m\u00f6glicherweise ein weiterer  Schuss abgegeben wurde. Bei der Tatortabsuche wurde eine m\u00f6gliche  Einschussstelle au\u00dferhalb des Wohnmobils festgestellt. Die Suche nach einem dazugeh\u00f6rigen Projektil dauert an; gleiches gilt f\u00fcr die  Schusswinkelrekonstruktion und weitere kriminaltechnische  Untersuchungen.     <\/p>\n<p>Quelle: <a href=\"http:\/\/www.presseportal.de\/polizeipresse\/pm\/7\/2152600\/bka-ermittlungen-gegen-mitglieder-der-terroristischen-vereinigung-nationalsozialistischer\/api\" target=\"_blank\">presseportal.de<\/a><\/p>\n","protected":false},"excerpt":{"rendered":"<p>Wiesbaden (ots) &#8211; Am 04.November 2011 wurden Uwe B. und Uwe M. in einem Wohnmobil nahe Eisenach tot aufgefunden. Die<\/p>\n","protected":false},"author":3,"featured_media":0,"comment_status":"open","ping_status":"open","sticky":false,"template":"","format":"standard","meta":{"colormag_page_container_layout":"default_layout","colormag_page_sidebar_layout":"default_layout","footnotes":""},"categories":[20],"tags":[],"class_list":["post-51364","post","type-post","status-publish","format-standard","hentry","category-besondere-neuigkeiten"],"_links":{"self":[{"href":"https:\/\/hier-luebeck.de\/index.php\/wp-json\/wp\/v2\/posts\/51364","targetHints":{"allow":["GET"]}}],"collection":[{"href":"https:\/\/hier-luebeck.de\/index.php\/wp-json\/wp\/v2\/posts"}],"about":[{"href":"https:\/\/hier-luebeck.de\/index.php\/wp-json\/wp\/v2\/types\/post"}],"author":[{"embeddable":true,"href":"https:\/\/hier-luebeck.de\/index.php\/wp-json\/wp\/v2\/users\/3"}],"replies":[{"embeddable":true,"href":"https:\/\/hier-luebeck.de\/index.php\/wp-json\/wp\/v2\/comments?post=51364"}],"version-history":[{"count":0,"href":"https:\/\/hier-luebeck.de\/index.php\/wp-json\/wp\/v2\/posts\/51364\/revisions"}],"wp:attachment":[{"href":"https:\/\/hier-luebeck.de\/index.php\/wp-json\/wp\/v2\/media?parent=51364"}],"wp:term":[{"taxonomy":"category","embeddable":true,"href":"https:\/\/hier-luebeck.de\/index.php\/wp-json\/wp\/v2\/categories?post=51364"},{"taxonomy":"post_tag","embeddable":true,"href":"https:\/\/hier-luebeck.de\/index.php\/wp-json\/wp\/v2\/tags?post=51364"}],"curies":[{"name":"wp","href":"https:\/\/api.w.org\/{rel}","templated":true}]}}