{"id":5179,"date":"2008-01-08T01:54:17","date_gmt":"2008-01-08T01:54:17","guid":{"rendered":"http:\/\/testserver\/wordpress\/?p=5079"},"modified":"2008-01-08T01:54:17","modified_gmt":"2008-01-08T01:54:17","slug":"vortrag_mit_grodias_wilder_heiliger_himalaya","status":"publish","type":"post","link":"https:\/\/hier-luebeck.de\/index.php\/vortrag_mit_grodias_wilder_heiliger_himalaya\/","title":{"rendered":"Vortrag mit Gro\u00dfdias &#8222;Wilder, heiliger Himalaya&#8220;"},"content":{"rendered":"<p><img decoding=\"async\" title=\"VHSLogo\" src=\"http:\/\/www.hier-luebeck.de\/images\/topics\/VHSLogo.jpg\" alt=\"VHSLogo\" \/><br \/>\n&#8222;Wilder, heiliger Himalaya&#8220; lautet der Titel eines Vortrags mit Gro\u00dfdias, zu dem die VHS &#8211; Forum f\u00fcr Weiterbildung L\u00fcbeck &#8211; am Donnerstag, 10. Januar 2008, um 18 Uhr einl\u00e4dt.<!--more-->Allein oder in Begleitung Einheimischer wanderte der Ulmer Fritz Kortler von Srinagar mit seinen vertr\u00e4umten Moghul-G\u00e4rten bis in die karge Bergwelt Ladakhs. Der Marsch durch die Eish\u00f6lle der Sanskar-Schlucht bei 30 Grad K\u00e4lte wurde zu einem seiner gr\u00f6\u00dften Abenteuer.<\/p>\n<p>In Ladakh sah er die winterlichen Mysterienspiele der lamaistischen M\u00f6nche, die in prunkvollen Gew\u00e4ndern und mit Furcht erregenden Masken tanzend ihre D\u00e4monen beschw\u00f6ren. Es werden Bilder von kaum bekannten Regionen vom &#8222;Dach der Welt&#8220; gezeigt. Die Veranstaltung organisiert die VHS der Hansestadt L\u00fcbeck in Zusammenarbeit mit der Deutsch-Indischen Gesellschaft.<\/p>\n<p>Der Eintritt kostet f\u00fcnf (erm\u00e4\u00dfigt vier) Euro.<\/p>\n","protected":false},"excerpt":{"rendered":"<p>&#8222;Wilder, heiliger Himalaya&#8220; lautet der Titel eines Vortrags mit Gro\u00dfdias, zu dem die VHS &#8211; Forum f\u00fcr Weiterbildung L\u00fcbeck &#8211;<\/p>\n","protected":false},"author":292,"featured_media":0,"comment_status":"open","ping_status":"open","sticky":false,"template":"","format":"standard","meta":{"colormag_page_container_layout":"default_layout","colormag_page_sidebar_layout":"default_layout","footnotes":""},"categories":[13],"tags":[],"class_list":["post-5179","post","type-post","status-publish","format-standard","hentry","category-veranstaltungen"],"_links":{"self":[{"href":"https:\/\/hier-luebeck.de\/index.php\/wp-json\/wp\/v2\/posts\/5179","targetHints":{"allow":["GET"]}}],"collection":[{"href":"https:\/\/hier-luebeck.de\/index.php\/wp-json\/wp\/v2\/posts"}],"about":[{"href":"https:\/\/hier-luebeck.de\/index.php\/wp-json\/wp\/v2\/types\/post"}],"author":[{"embeddable":true,"href":"https:\/\/hier-luebeck.de\/index.php\/wp-json\/wp\/v2\/users\/292"}],"replies":[{"embeddable":true,"href":"https:\/\/hier-luebeck.de\/index.php\/wp-json\/wp\/v2\/comments?post=5179"}],"version-history":[{"count":0,"href":"https:\/\/hier-luebeck.de\/index.php\/wp-json\/wp\/v2\/posts\/5179\/revisions"}],"wp:attachment":[{"href":"https:\/\/hier-luebeck.de\/index.php\/wp-json\/wp\/v2\/media?parent=5179"}],"wp:term":[{"taxonomy":"category","embeddable":true,"href":"https:\/\/hier-luebeck.de\/index.php\/wp-json\/wp\/v2\/categories?post=5179"},{"taxonomy":"post_tag","embeddable":true,"href":"https:\/\/hier-luebeck.de\/index.php\/wp-json\/wp\/v2\/tags?post=5179"}],"curies":[{"name":"wp","href":"https:\/\/api.w.org\/{rel}","templated":true}]}}