{"id":5190,"date":"2008-01-10T17:24:45","date_gmt":"2008-01-10T17:24:45","guid":{"rendered":"http:\/\/testserver\/wordpress\/?p=5090"},"modified":"2008-01-10T17:24:45","modified_gmt":"2008-01-10T17:24:45","slug":"museumskinder_im_kulturforum_burgkloster","status":"publish","type":"post","link":"https:\/\/hier-luebeck.de\/index.php\/museumskinder_im_kulturforum_burgkloster\/","title":{"rendered":"MuseumsKinder im Kulturforum Burgkloster"},"content":{"rendered":"<p><img decoding=\"async\" title=\"BurgKl-KreuzG\" src=\"http:\/\/www.hier-luebeck.de\/images\/topics\/BurgKl-KreuzG.jpg\" alt=\"BurgKl-KreuzG\" \/><br \/>\nDer Museumsverbund &#8222;die L\u00dcBECKER MUSEEN&#8220; hat ein tolles neues Angebot f\u00fcr Eltern und Kinder. Jeden Samstag findet in einem anderen Museum die Veranstaltungsreihe &#8222;MuseumsKinder statt. So auch am Samstag, den 12. Januar 2008.<!--more-->Dann haben Kinder im Kulturforum Burgkloster mal &#8222;elternfrei&#8220;. W\u00e4hrend die Eltern ab 11 Uhr sich freudig in den Winterschlussverkauf st\u00fcrzen, k\u00f6nnen ihre Kinder w\u00e4hrenddessen entspannt das Leben der M\u00f6nche erforschen. Was haben diese wohl hinter den dicken Klostermauern getrieben? Auf einer &#8222;Klostertour&#8220; wird Licht ins Dunkel des Geheimnisses gebracht. Zwischen 11 und 13 Uhr hat Heinz-Joachim Draeger viel zu verraten! Eintritt 7,- Euro.<\/p>\n<p>Kulturforum Burgkloster<br \/>\nHinter der Burg 2-6<br \/>\n23552 L\u00fcbeck<\/p>\n","protected":false},"excerpt":{"rendered":"<p>Der Museumsverbund &#8222;die L\u00dcBECKER MUSEEN&#8220; hat ein tolles neues Angebot f\u00fcr Eltern und Kinder. Jeden Samstag findet in einem anderen<\/p>\n","protected":false},"author":292,"featured_media":0,"comment_status":"open","ping_status":"open","sticky":false,"template":"","format":"standard","meta":{"colormag_page_container_layout":"default_layout","colormag_page_sidebar_layout":"default_layout","footnotes":""},"categories":[13],"tags":[],"class_list":["post-5190","post","type-post","status-publish","format-standard","hentry","category-veranstaltungen"],"_links":{"self":[{"href":"https:\/\/hier-luebeck.de\/index.php\/wp-json\/wp\/v2\/posts\/5190","targetHints":{"allow":["GET"]}}],"collection":[{"href":"https:\/\/hier-luebeck.de\/index.php\/wp-json\/wp\/v2\/posts"}],"about":[{"href":"https:\/\/hier-luebeck.de\/index.php\/wp-json\/wp\/v2\/types\/post"}],"author":[{"embeddable":true,"href":"https:\/\/hier-luebeck.de\/index.php\/wp-json\/wp\/v2\/users\/292"}],"replies":[{"embeddable":true,"href":"https:\/\/hier-luebeck.de\/index.php\/wp-json\/wp\/v2\/comments?post=5190"}],"version-history":[{"count":0,"href":"https:\/\/hier-luebeck.de\/index.php\/wp-json\/wp\/v2\/posts\/5190\/revisions"}],"wp:attachment":[{"href":"https:\/\/hier-luebeck.de\/index.php\/wp-json\/wp\/v2\/media?parent=5190"}],"wp:term":[{"taxonomy":"category","embeddable":true,"href":"https:\/\/hier-luebeck.de\/index.php\/wp-json\/wp\/v2\/categories?post=5190"},{"taxonomy":"post_tag","embeddable":true,"href":"https:\/\/hier-luebeck.de\/index.php\/wp-json\/wp\/v2\/tags?post=5190"}],"curies":[{"name":"wp","href":"https:\/\/api.w.org\/{rel}","templated":true}]}}