{"id":5319,"date":"2008-01-30T15:20:21","date_gmt":"2008-01-30T15:20:21","guid":{"rendered":"http:\/\/testserver\/wordpress\/?p=5219"},"modified":"2008-01-30T15:20:21","modified_gmt":"2008-01-30T15:20:21","slug":"globalisierung_erfordert_ausbau_von_hafen_und_bahninfrastruktur","status":"publish","type":"post","link":"https:\/\/hier-luebeck.de\/index.php\/globalisierung_erfordert_ausbau_von_hafen_und_bahninfrastruktur\/","title":{"rendered":"Globalisierung erfordert Ausbau von Hafen- und Bahninfrastruktur"},"content":{"rendered":"<p><img decoding=\"async\" title=\"DB-OstS-Hf\" src=\"http:\/\/www.hier-luebeck.de\/images\/topics\/DB-OstS-Hf.jpg\" alt=\"DB-OstS-Hf\" \/><br \/>\nDie Deutsche Bahn AG sowie Vertreter des Landes Schleswig-Holstein und der Hansestadt L\u00fcbeck haben in L\u00fcbeck die Pl\u00e4ne f\u00fcr die schleswig-holsteinischen Seeh\u00e4fen innerhalb des &#8222;Masterplans Schiene Seehafen-Hinterland-Verkehr&#8220; vorgestellt. Neben den H\u00e4fen Kiel und Brunsb\u00fcttel spielte dabei insbesondere der Ausbau des L\u00fcbecker Hafens eine wichtige Rolle.<\/p>\n<p>Grafik: DB<br \/>\n<!--more-->Dessen Umschlagaufkommen wird von 2005 bis 2015 um \u00fcber 40 Prozent auf 44 Millionen Tonnen pro Jahr steigen. Um sich f\u00fcr diesen Anstieg zu r\u00fcsten, wird etwa die Strecke Hamburg-L\u00fcbeck bis zum Jahresende elektrifiziert sowie die Strecke Schwartau-Waldhalle-K\u00fccknitz ab voraussichtlich Ende 2009 zweigleisig ausgebaut. &#8222;Die Globalisierung und weltweite Arbeitsteilung werden weiter zu wachsenden G\u00fcterverkehrsstr\u00f6men auf der Schiene f\u00fchren. Mit dem Masterplan haben wir gemeinsam ein Verkehrskonzept entwickelt, das integrierte L\u00f6sungen f\u00fcr den Ausbau des Schienennetzes in der N\u00e4he der H\u00e4fen und im Binnenland bietet&#8220;, so Stefan Garber, Vorstand Infrastruktur und Dienstleistungen der DB AG.<\/p>\n<p>Eckart Fricke, Vorstand Produktion Einzelwagenverkehr bei Railion, der G\u00fcterbahn der DB AG, erg\u00e4nzt: &#8222;Der Ausbau in L\u00fcbeck ist eine wichtige Investition in die Zukunft.&#8220; Nur ein leistungsf\u00e4higes Netz garantiere, dass die wachsenden G\u00fcterstr\u00f6me im Containerverkehr \u00fcber die H\u00e4fen zuverl\u00e4ssig zu Kunden im Hinterland abfahren k\u00f6nnen. &#8222;Gerade bei den lang laufenden, b\u00fcndelungsf\u00e4higen Seehafen-Hinterland-Verkehren kann die Bahn ihre St\u00e4rke voll ausspielen und mehr Verkehr auf die umweltfreundliche Schiene bringen&#8220;, so Fricke weiter.<\/p>\n<p>Dietrich Austermann, Minister f\u00fcr Wirtschaft, Wissenschaft und Verkehr des Landes Schleswig-Holstein: &#8222;Unsere H\u00e4fen sind ein wichtiger Wirtschaftsfaktor f\u00fcr die Region. Sie sichern direkt und indirekt \u00fcber 10.000 Arbeitspl\u00e4tze in Schleswig-Holstein. Damit auch in Zukunft weiteres Wachstum m\u00f6glich ist, muss die Hafen- und Bahninfrastruktur zeitnah ausgebaut werden. In den vergangenen f\u00fcnf Jahren hat das Land rund 43 Millionen Euro in die H\u00e4fen investiert. F\u00fcr dieses Jahr stehen F\u00f6rderungen von 20 Millionen Euro an.&#8220;<\/p>\n<p>Bernd Saxe, B\u00fcrgermeister der Hansestadt L\u00fcbeck:  &#8222;Um auch in Zukunft weiter zu wachsen, wird die Stadt alleine bis 2011 rund 60 Millionen Euro investieren. F\u00fcr den weiteren Ausbau bis 2025 werden noch einmal 150 Millionen Euro zu investieren sein. Damit schaffen wir die Voraussetzungen f\u00fcr weiteres Wachstum und Besch\u00e4ftigung, um nicht zuletzt von der \u00e4u\u00dferst positiven Entwicklung im gesamten Ostseeraum zu profitieren.&#8220;<\/p>\n<p>Quelle: DB HH<\/p>\n","protected":false},"excerpt":{"rendered":"<p>Die Deutsche Bahn AG sowie Vertreter des Landes Schleswig-Holstein und der Hansestadt L\u00fcbeck haben in L\u00fcbeck die Pl\u00e4ne f\u00fcr die<\/p>\n","protected":false},"author":292,"featured_media":0,"comment_status":"open","ping_status":"open","sticky":false,"template":"","format":"standard","meta":{"colormag_page_container_layout":"default_layout","colormag_page_sidebar_layout":"default_layout","footnotes":""},"categories":[15],"tags":[],"class_list":["post-5319","post","type-post","status-publish","format-standard","hentry","category-kultur"],"_links":{"self":[{"href":"https:\/\/hier-luebeck.de\/index.php\/wp-json\/wp\/v2\/posts\/5319","targetHints":{"allow":["GET"]}}],"collection":[{"href":"https:\/\/hier-luebeck.de\/index.php\/wp-json\/wp\/v2\/posts"}],"about":[{"href":"https:\/\/hier-luebeck.de\/index.php\/wp-json\/wp\/v2\/types\/post"}],"author":[{"embeddable":true,"href":"https:\/\/hier-luebeck.de\/index.php\/wp-json\/wp\/v2\/users\/292"}],"replies":[{"embeddable":true,"href":"https:\/\/hier-luebeck.de\/index.php\/wp-json\/wp\/v2\/comments?post=5319"}],"version-history":[{"count":0,"href":"https:\/\/hier-luebeck.de\/index.php\/wp-json\/wp\/v2\/posts\/5319\/revisions"}],"wp:attachment":[{"href":"https:\/\/hier-luebeck.de\/index.php\/wp-json\/wp\/v2\/media?parent=5319"}],"wp:term":[{"taxonomy":"category","embeddable":true,"href":"https:\/\/hier-luebeck.de\/index.php\/wp-json\/wp\/v2\/categories?post=5319"},{"taxonomy":"post_tag","embeddable":true,"href":"https:\/\/hier-luebeck.de\/index.php\/wp-json\/wp\/v2\/tags?post=5319"}],"curies":[{"name":"wp","href":"https:\/\/api.w.org\/{rel}","templated":true}]}}