{"id":53807,"date":"2011-11-29T14:05:46","date_gmt":"2011-11-29T14:05:46","guid":{"rendered":"http:\/\/www.hier-luebeck.de\/2011\/11\/fw-hl-einladung-zur-diesjahrigen-wehrfuhrervereidigung-38\/"},"modified":"2011-11-29T14:05:46","modified_gmt":"2011-11-29T14:05:46","slug":"fw-hl-einladung-zur-diesjahrigen-wehrfuhrervereidigung-38","status":"publish","type":"post","link":"https:\/\/hier-luebeck.de\/index.php\/fw-hl-einladung-zur-diesjahrigen-wehrfuhrervereidigung-38\/","title":{"rendered":"FW-HL: Einladung zur diesj\u00e4hrigen Wehrf\u00fchrervereidigung"},"content":{"rendered":"<p>L\u00fcbeck (ots) &#8211; Sehr geehrte Damen und Herren,     hiermit laden wir Sie herzlich zur diesj\u00e4hrigen  Wehrf\u00fchrervereidigung ins Rathaus ein.     am Donnerstag, den 01.12.2011, um 17:15 Uhr, im Audienzsaal des  L\u00fcbecker Rathaus Breite Strasse 62, 23552 L\u00fcbeck     Senator Bernd M\u00f6ller wird die in diesem Jahr gew\u00e4hlten bzw.<!--more-->  wiedergew\u00e4hlten Wehrf\u00fchrer der Freiwilligen Feuerwehren im  Audienzsaal des L\u00fcbecker Rathauses zu Ehrenbeamten ernennen und Ihnen den Diensteid abnehmen.     Die Vereidigung beginnt um 17:30 Uhr. Der Amtshandlung schlie\u00dfen  sich eine F\u00fchrung durch das historische Rathaus und eine  Gespr\u00e4chsrunde an.     Ernannt und vereidigt werden:     Wehrf\u00fchrer:     Dennis Suitner, Matthias Benn,     Stellvertretende Wehrf\u00fchrer:     Roland Reinoss, Michael Schroeter, Sascha Gehrmann,     Vertreterinnen bzw. Vertreter Ihrer Redaktion sind Sie herzlich  eingeladen, an der Veranstaltung teilzunehmen.     Bitte teilen Sie uns unter Telefon 0151 \/ 161 33333 mit, ob wir  mit einer Vertreterin \/ einem Vertreter aus Ihrer Redaktion rechnen  d\u00fcrfen.     \u00dcber Ihr Kommen w\u00fcrden wir uns sehr freuen.     Mit freundlichen Gr\u00fc\u00dfen     Bj\u00f6rn von Mateffy     <\/p>\n<p>Quelle: <a href=\"http:\/\/www.presseportal.de\/polizeipresse\/pm\/52865\/2156736\/fw-hl-einladung-zur-diesjaehrigen-wehrfuehrervereidigung\/api\" target=\"_blank\">presseportal.de<\/a><\/p>\n","protected":false},"excerpt":{"rendered":"<p>L\u00fcbeck (ots) &#8211; Sehr geehrte Damen und Herren, hiermit laden wir Sie herzlich zur diesj\u00e4hrigen Wehrf\u00fchrervereidigung ins Rathaus ein. am<\/p>\n","protected":false},"author":3,"featured_media":0,"comment_status":"open","ping_status":"open","sticky":false,"template":"","format":"standard","meta":{"colormag_page_container_layout":"default_layout","colormag_page_sidebar_layout":"default_layout","footnotes":""},"categories":[20],"tags":[],"class_list":["post-53807","post","type-post","status-publish","format-standard","hentry","category-besondere-neuigkeiten"],"_links":{"self":[{"href":"https:\/\/hier-luebeck.de\/index.php\/wp-json\/wp\/v2\/posts\/53807","targetHints":{"allow":["GET"]}}],"collection":[{"href":"https:\/\/hier-luebeck.de\/index.php\/wp-json\/wp\/v2\/posts"}],"about":[{"href":"https:\/\/hier-luebeck.de\/index.php\/wp-json\/wp\/v2\/types\/post"}],"author":[{"embeddable":true,"href":"https:\/\/hier-luebeck.de\/index.php\/wp-json\/wp\/v2\/users\/3"}],"replies":[{"embeddable":true,"href":"https:\/\/hier-luebeck.de\/index.php\/wp-json\/wp\/v2\/comments?post=53807"}],"version-history":[{"count":0,"href":"https:\/\/hier-luebeck.de\/index.php\/wp-json\/wp\/v2\/posts\/53807\/revisions"}],"wp:attachment":[{"href":"https:\/\/hier-luebeck.de\/index.php\/wp-json\/wp\/v2\/media?parent=53807"}],"wp:term":[{"taxonomy":"category","embeddable":true,"href":"https:\/\/hier-luebeck.de\/index.php\/wp-json\/wp\/v2\/categories?post=53807"},{"taxonomy":"post_tag","embeddable":true,"href":"https:\/\/hier-luebeck.de\/index.php\/wp-json\/wp\/v2\/tags?post=53807"}],"curies":[{"name":"wp","href":"https:\/\/api.w.org\/{rel}","templated":true}]}}