{"id":5530,"date":"2008-02-24T15:59:28","date_gmt":"2008-02-24T15:59:28","guid":{"rendered":"http:\/\/testserver\/wordpress\/?p=5430"},"modified":"2008-02-24T15:59:28","modified_gmt":"2008-02-24T15:59:28","slug":"die_graue_stadt_am_meer_wird_lila_krokusbltenfest_in_husum","status":"publish","type":"post","link":"https:\/\/hier-luebeck.de\/index.php\/die_graue_stadt_am_meer_wird_lila_krokusbltenfest_in_husum\/","title":{"rendered":"Die graue Stadt am Meer wird lila: Krokusbl\u00fctenfest in Husum"},"content":{"rendered":"<p><img decoding=\"async\" title=\"Husum-Krokusse\" src=\"http:\/\/www.hier-luebeck.de\/images\/topics\/Husum-Krokusse.jpg\" alt=\"Husum-Krokusse\" \/><br \/>\nDen Husumern und ihren G\u00e4sten bl\u00fcht was: Schon eine Woche vor Ostern h\u00e4lt in der Theodor-Storm-Stadt der Fr\u00fchling Einzug. Dann verwandeln \u00fcber vier Millionen Krokusse der Art Crocus neapolitanus den Park des Schlosses vor Husum in ein lila Bl\u00fctenmeer. Grund genug f\u00fcr die Husumer, diesem Wunder k\u00f6nigliche W\u00fcrde zu verleihen und es mit einer Krokusbl\u00fctenk\u00f6nigin zu adeln.<\/p>\n<p>Foto: Tourismus und Stadtmarketing Husum<br \/>\n<!--more-->Am 15. und 16. M\u00e4rz laden sie zur geb\u00fchrenden Feier der Krokusbl\u00fcte und der Wahl der neuen K\u00f6nigin zum Krokusbl\u00fctenfest in die Storm-Stadt ein. Im malerischen Schlosshof offerieren \u00fcber 60 Kunsthandwerker Haus- und Gartendekorationen, Schnitzereien oder Glashandwerk, auf dem historischen Marktplatz rund um den Tinebrunnen machen Garten- und Bl\u00fctentr\u00e4ume von lokalen G\u00e4rtnereien auf der bunten Meile Lust auf die fr\u00fchlingshafte Gartengestaltung und am 16. M\u00e4rz \u00f6ffnen die Husumer Gesch\u00e4fte von 13 &#8211; 18 Uhr ihre Pforten zum ersten verkaufsoffenen Sonntag des Jahres.<\/p>\n<p>Traditionelle H\u00f6hepunkte sind die Proklamation der k\u00f6niglichen Hoheit am 15. M\u00e4rz um 11 Uhr auf dem Balkon des alten Rathauses und das Konzert<br \/>\n&#8222;Krokus Klassiks&#8220; am 15. M\u00e4rz um 18.30 Uhr im Rittersaal des Schlosses vor Husum mit Highlights aus Oper, Operette und Musical.  Als Ehrengast wird au\u00dferdem die Carnival Queen aus Husums Partnerstadt Kidderminster erwartet.<\/p>\n<p>&#8222;Krokuszauber an der Nordsee&#8220;: P\u00fcnktlich zur Krokusbl\u00fcte wartet ein pr\u00e4chtiges Pauschalangebot auf Husum-Besucher inkl. 2 \u00dcbernachtungen in der jeweiligen Unterkunftskategorie, ein St\u00fcck Torte mit Kaffee oder Tee im historischen Ambiente, ein kleiner Blumentopf mit Krokussen zum Mitnehmen, eine Autogrammkarte der Husumer Krokusbl\u00fctenk\u00f6nigin, ein Husumer Einkaufsgutschein im Wert von 15,- \u00a4 (wahlweise auch 25,- \u00a4 oder 50,- \u00a4) f\u00fcr 2 Personen, ein leckeres 3-G\u00e4nge-Men\u00fc in typisch nordfriesischer Atmosph\u00e4re und eine traumhafte \u00dcberraschung zum Mitnehmen f\u00fcr 2 Personen.<\/p>\n<p>Reisetermine: 01.03. &#8211; 30.04.2008<br \/>\nPreis: ab 89 Euro p. P. in einer Ferienwohnung  bei 2 Personen, ab 139 Euro p.P. im 3-Sterne-Hotel (DZ), ab 175 Euro p. P. im 4-Sterne-Hotel (DZ), ab 245 Euro p. P. im 5-Sterne-Hotel (DZ).<\/p>\n<p>Informationen und Buchung: Tourist-Information Husum, Gro\u00dfstra\u00dfe 27, 25813<br \/>\nHusum, Tel. 0049-4841-89870, tourist@husum.de, www.husum-tourismus.de<\/p>\n<p>Quelle: sh-na<\/p>\n","protected":false},"excerpt":{"rendered":"<p>Den Husumern und ihren G\u00e4sten bl\u00fcht was: Schon eine Woche vor Ostern h\u00e4lt in der Theodor-Storm-Stadt der Fr\u00fchling Einzug. Dann<\/p>\n","protected":false},"author":292,"featured_media":0,"comment_status":"open","ping_status":"open","sticky":false,"template":"","format":"standard","meta":{"colormag_page_container_layout":"default_layout","colormag_page_sidebar_layout":"default_layout","footnotes":""},"categories":[5],"tags":[],"class_list":["post-5530","post","type-post","status-publish","format-standard","hentry","category-politik-wirtschaft"],"_links":{"self":[{"href":"https:\/\/hier-luebeck.de\/index.php\/wp-json\/wp\/v2\/posts\/5530","targetHints":{"allow":["GET"]}}],"collection":[{"href":"https:\/\/hier-luebeck.de\/index.php\/wp-json\/wp\/v2\/posts"}],"about":[{"href":"https:\/\/hier-luebeck.de\/index.php\/wp-json\/wp\/v2\/types\/post"}],"author":[{"embeddable":true,"href":"https:\/\/hier-luebeck.de\/index.php\/wp-json\/wp\/v2\/users\/292"}],"replies":[{"embeddable":true,"href":"https:\/\/hier-luebeck.de\/index.php\/wp-json\/wp\/v2\/comments?post=5530"}],"version-history":[{"count":0,"href":"https:\/\/hier-luebeck.de\/index.php\/wp-json\/wp\/v2\/posts\/5530\/revisions"}],"wp:attachment":[{"href":"https:\/\/hier-luebeck.de\/index.php\/wp-json\/wp\/v2\/media?parent=5530"}],"wp:term":[{"taxonomy":"category","embeddable":true,"href":"https:\/\/hier-luebeck.de\/index.php\/wp-json\/wp\/v2\/categories?post=5530"},{"taxonomy":"post_tag","embeddable":true,"href":"https:\/\/hier-luebeck.de\/index.php\/wp-json\/wp\/v2\/tags?post=5530"}],"curies":[{"name":"wp","href":"https:\/\/api.w.org\/{rel}","templated":true}]}}