{"id":5532,"date":"2008-02-24T17:17:58","date_gmt":"2008-02-24T17:17:58","guid":{"rendered":"http:\/\/testserver\/wordpress\/?p=5432"},"modified":"2008-02-24T17:17:58","modified_gmt":"2008-02-24T17:17:58","slug":"ostholsteiner_spd__senioren_besuchen_jdisches_gemeindezentrum_bad_segeberg","status":"publish","type":"post","link":"https:\/\/hier-luebeck.de\/index.php\/ostholsteiner_spd__senioren_besuchen_jdisches_gemeindezentrum_bad_segeberg\/","title":{"rendered":"Ostholsteiner SPD &#8211; Senioren besuchen J\u00fcdisches Gemeindezentrum Bad Segeberg"},"content":{"rendered":"<p><img decoding=\"async\" title=\"SPDAG60PlusOH\" src=\"http:\/\/www.hier-luebeck.de\/images\/topics\/SPDAG60PlusOH.jpg\" alt=\"SPDAG60PlusOH\" \/><br \/>\nEine besondere Qualit\u00e4t verspricht die interessante Veranstaltung der SPD AG 60plus am Samstag, den 8.M\u00e4rz 2008 (11.00 Uhr): Auf dem Programm steht der Besuch des Bad Segeberger J\u00fcdischen Gemeindezentrums. Sicherlich hatten die Wenigsten bisher zu einer Besichtigung unter kompetenter F\u00fchrung mit detaillierten Erkl\u00e4rungen Gelegenheit. Anmeldung erbeten.<!--more-->Um dies aber auch anderen und vor allem j\u00fcngeren Parteimitgliedern und den Besuchern der sonstigen AG 60plus -Veranstaltungen zu erm\u00f6glichen, sind diese ebenfalls willkommen. Treffpunkt ist der Jean-Labowski-Weg( zwischen der Hindenburg-Strasse und der Schillerstrasse ) in unmittelbarer N\u00e4he der Klinik und des Kurhauses.<\/p>\n<p>Anmeldungen vorab ( vor allem wegen der Bildung von Fahrgemeinschaften) f\u00fcr Fehmarn und Heiligenhafen, unter Tel. 04371\/501888, f\u00fcr Neustadt und Umgebung, unter Tel. 04561\/8949 und f\u00fcr Eutin und das s\u00fcdliche Ostholstein, unter Tel. 04521 \/ 73911 oder direkt in der Kreisgesch\u00e4ftsstelle unter 04521\/5957 bis zum 6.M\u00e4rz 2008.<\/p>\n","protected":false},"excerpt":{"rendered":"<p>Eine besondere Qualit\u00e4t verspricht die interessante Veranstaltung der SPD AG 60plus am Samstag, den 8.M\u00e4rz 2008 (11.00 Uhr): Auf dem<\/p>\n","protected":false},"author":292,"featured_media":0,"comment_status":"open","ping_status":"open","sticky":false,"template":"","format":"standard","meta":{"colormag_page_container_layout":"default_layout","colormag_page_sidebar_layout":"default_layout","footnotes":""},"categories":[13],"tags":[],"class_list":["post-5532","post","type-post","status-publish","format-standard","hentry","category-veranstaltungen"],"_links":{"self":[{"href":"https:\/\/hier-luebeck.de\/index.php\/wp-json\/wp\/v2\/posts\/5532","targetHints":{"allow":["GET"]}}],"collection":[{"href":"https:\/\/hier-luebeck.de\/index.php\/wp-json\/wp\/v2\/posts"}],"about":[{"href":"https:\/\/hier-luebeck.de\/index.php\/wp-json\/wp\/v2\/types\/post"}],"author":[{"embeddable":true,"href":"https:\/\/hier-luebeck.de\/index.php\/wp-json\/wp\/v2\/users\/292"}],"replies":[{"embeddable":true,"href":"https:\/\/hier-luebeck.de\/index.php\/wp-json\/wp\/v2\/comments?post=5532"}],"version-history":[{"count":0,"href":"https:\/\/hier-luebeck.de\/index.php\/wp-json\/wp\/v2\/posts\/5532\/revisions"}],"wp:attachment":[{"href":"https:\/\/hier-luebeck.de\/index.php\/wp-json\/wp\/v2\/media?parent=5532"}],"wp:term":[{"taxonomy":"category","embeddable":true,"href":"https:\/\/hier-luebeck.de\/index.php\/wp-json\/wp\/v2\/categories?post=5532"},{"taxonomy":"post_tag","embeddable":true,"href":"https:\/\/hier-luebeck.de\/index.php\/wp-json\/wp\/v2\/tags?post=5532"}],"curies":[{"name":"wp","href":"https:\/\/api.w.org\/{rel}","templated":true}]}}