{"id":5544,"date":"2008-02-25T02:44:34","date_gmt":"2008-02-25T02:44:34","guid":{"rendered":"http:\/\/testserver\/wordpress\/?p=5444"},"modified":"2008-02-25T02:44:34","modified_gmt":"2008-02-25T02:44:34","slug":"solidanorscfilm_strajk__die_heldin_von_danzig","status":"publish","type":"post","link":"https:\/\/hier-luebeck.de\/index.php\/solidanorscfilm_strajk__die_heldin_von_danzig\/","title":{"rendered":"Solidanorsc-Film: &#8222;Strajk &#8211; Die Heldin von Danzig&#8220;"},"content":{"rendered":"<p><img decoding=\"async\" title=\"KommKino-Logo\" src=\"http:\/\/www.hier-luebeck.de\/images\/topics\/KommKino-Logo.jpg\" alt=\"KommKino-Logo\" \/><br \/>\nMit &#8220; Strajk &#8211; Die Heldin von Danzig&#8220; begleitet das L\u00fcbecker Kulturforum Burgkloster seine Ausstellung &#8222;In der Wahrheit leben&#8220; mit einem weiteren Film. In dem Film, der am 26. und 27. Februar 2008 im Kommunalen Kino gezeigt wird, geht es um die Polin Agnieszka, deren Vertrauen in die Werksleitung auf Grund eines von ihr beobachteten t\u00f6dlichen Arbeitsunfalls ins Wanken ger\u00e4t.<!--more-->Sie hat es mit Flei\u00df und Disziplin von der Hilfsarbeiterin zur Kranf\u00fchrerin auf der Danziger Werft gebracht. Doch die Arbeitsbedingungen sind katastrophal und menschenverachtend. Als sie Zeugin eines t\u00f6dlichen Unfalls wird, der eindeutig auf mangelnden Arbeitsschutz zur\u00fcckzuf\u00fchren ist, ger\u00e4t ihr unersch\u00fctterliches Vertrauen in die Werksleitung ins Wanken. Agnieszkas ausgepr\u00e4gter Gerechtigkeitssinn ist mobilisiert, und sie wird das Herz der Solidarnosc-Bewegung in Danzig.<\/p>\n<p>Die mehrfach ausgezeichnete deutsch-polnische Co-Produktion bezieht sich auf die Lebensgeschichte der wichtigsten Mitgr\u00fcnderin der polnischen Solidarnosc, Anna Walentynowicz. Die Begr\u00fcndung f\u00fcr die Verleihung des italienischen Filmpreises &#8222;Saturno d&#8217;oro&#8220; lautete: &#8222;Der Film behandelt einen entscheidenden Moment in der Geschichte Polens mit Sensibilit\u00e4t und einer gro\u00dfen emotionalen Kraft&#8220; Die Regie f\u00fchrte Volker Schl\u00f6ndorff. Katharina Thalbach spielt die Rolle der Agnieszka.<\/p>\n<p>Die Veranstaltung wurde organisiert von der Kreisau-Initiative Berlin e.V. Der Eintritt betr\u00e4gt f\u00fcnf (erm\u00e4\u00dfigt vier) Euro. Beginn: 20 Uhr.<\/p>\n","protected":false},"excerpt":{"rendered":"<p>Mit &#8220; Strajk &#8211; Die Heldin von Danzig&#8220; begleitet das L\u00fcbecker Kulturforum Burgkloster seine Ausstellung &#8222;In der Wahrheit leben&#8220; mit<\/p>\n","protected":false},"author":292,"featured_media":0,"comment_status":"open","ping_status":"open","sticky":false,"template":"","format":"standard","meta":{"colormag_page_container_layout":"default_layout","colormag_page_sidebar_layout":"default_layout","footnotes":""},"categories":[13],"tags":[],"class_list":["post-5544","post","type-post","status-publish","format-standard","hentry","category-veranstaltungen"],"_links":{"self":[{"href":"https:\/\/hier-luebeck.de\/index.php\/wp-json\/wp\/v2\/posts\/5544","targetHints":{"allow":["GET"]}}],"collection":[{"href":"https:\/\/hier-luebeck.de\/index.php\/wp-json\/wp\/v2\/posts"}],"about":[{"href":"https:\/\/hier-luebeck.de\/index.php\/wp-json\/wp\/v2\/types\/post"}],"author":[{"embeddable":true,"href":"https:\/\/hier-luebeck.de\/index.php\/wp-json\/wp\/v2\/users\/292"}],"replies":[{"embeddable":true,"href":"https:\/\/hier-luebeck.de\/index.php\/wp-json\/wp\/v2\/comments?post=5544"}],"version-history":[{"count":0,"href":"https:\/\/hier-luebeck.de\/index.php\/wp-json\/wp\/v2\/posts\/5544\/revisions"}],"wp:attachment":[{"href":"https:\/\/hier-luebeck.de\/index.php\/wp-json\/wp\/v2\/media?parent=5544"}],"wp:term":[{"taxonomy":"category","embeddable":true,"href":"https:\/\/hier-luebeck.de\/index.php\/wp-json\/wp\/v2\/categories?post=5544"},{"taxonomy":"post_tag","embeddable":true,"href":"https:\/\/hier-luebeck.de\/index.php\/wp-json\/wp\/v2\/tags?post=5544"}],"curies":[{"name":"wp","href":"https:\/\/api.w.org\/{rel}","templated":true}]}}