{"id":5553,"date":"2008-02-25T14:52:33","date_gmt":"2008-02-25T14:52:33","guid":{"rendered":"http:\/\/testserver\/wordpress\/?p=5453"},"modified":"2008-02-25T14:52:33","modified_gmt":"2008-02-25T14:52:33","slug":"cdu_zur_lhg_arbeitnehmersicherung_ja_unvernunft_nein","status":"publish","type":"post","link":"https:\/\/hier-luebeck.de\/index.php\/cdu_zur_lhg_arbeitnehmersicherung_ja_unvernunft_nein\/","title":{"rendered":"CDU zur LHG: Arbeitnehmersicherung ja, Unvernunft nein"},"content":{"rendered":"<p><img decoding=\"async\" title=\"Zander,A-150\" src=\"http:\/\/www.hier-luebeck.de\/images\/topics\/Zander,A-150.jpg\" alt=\"Zander,A-150\" \/><br \/>\nMit Unverst\u00e4ndnis reagiert die CDU-B\u00fcrgerschaftsfraktion auf die Verhandlungsf\u00fchrung der Gewerkschaft Ver.di in ihrer Auseinandersetzung um LHG- Arbeitnehmerrechte mit B\u00fcrgermeister Bernd Saxe (SPD) und dem designierten Minderheitseigner RREEF. Ver.di habe sich &#8222;mit dem sturen Festhalten an Maximalforderungen offenbar verrannt.&#8220;<!--more-->Der Fraktionsvorsitzende Andreas Zander fordert die Verhandlungsf\u00fchrer daher dazu auf, &#8222;zur Maxime der Vernunft zur\u00fcckzukehren. Gemeinsames Interesse von Arbeitgeber und Arbeitnehmer sollte die Sicherung der L\u00fcbecker Hafen-Gesellschaft (LHG) als gesundes und erfolgreiches Unternehmen sein. Nur so k\u00f6nnen bestehende Arbeitspl\u00e4tze auch langfristig erhalten und neue geschaffen werden.&#8220;<\/p>\n<p>Die Hansestadt L\u00fcbeck habe bereits umfangreiche Zugest\u00e4ndnisse, wie z.B. den Ausschluss betriebsbedingter K\u00fcndigungen  bis 2015 und f\u00fcr \u00fcber 50- j\u00e4hrige sogar bis 2020 gemacht. <\/p>\n<p>&#8222;Dies ist an sich bereits ein Kraftakt f\u00fcr die LHG, der bei den Konkurrenten in Rostock und Kiel f\u00fcr Freude sorgt. Insbesondere in Zeiten einer wom\u00f6glich bevorstehenden Rezession ist die Hansestadt L\u00fcbeck dar\u00fcber hinaus aber zu einem Ergebnis verpflichtet, das dem Logistikstandort auch zuk\u00fcnftig Wachstumschancen einr\u00e4umt.&#8220;, so Zander.<\/p>\n<p>Die CDU stehe weiterhin zu ihrem Beschluss in der L\u00fcbecker B\u00fcrgerschaft, auch zur Arbeitnehmersicherung. Dabei muss die LHG aber handlungsf\u00e4hig bleiben. &#8222;Der Sinn von Verhandlungen besteht darin, dass man sich aufeinander zu bewegt und Kompromisse zul\u00e4sst. Ver.di sollte auch einmal dar\u00fcber nachdenken, wie eine Krankenschwester am UKSH auf das vorliegende Angebot reagieren w\u00fcrde.&#8220;, so Zander weiter.<\/p>\n<p>Die Auseinandersetzung zwischen Arbeitgebern und Arbeitnehmern sei hierzulande traditionell von vern\u00fcnftigen Kompromissen gepr\u00e4gt. &#8222;Wer diese Grundlage verl\u00e4sst, vers\u00fcndigt sich auch an einem Erfolgsgeheimnis der deutschen Wirtschaft. Die Hardliner von Ver.di beweisen damit t\u00e4glich, dass sie wohl eher die eigene Funktion\u00e4rskarriere im Blick haben, als die Zukunft der LHG und ihrer Mitarbeiter.&#8220;, so Zander abschlie\u00dfend.<\/p>\n<p>Quelle: CDU HL<\/p>\n","protected":false},"excerpt":{"rendered":"<p>Mit Unverst\u00e4ndnis reagiert die CDU-B\u00fcrgerschaftsfraktion auf die Verhandlungsf\u00fchrung der Gewerkschaft Ver.di in ihrer Auseinandersetzung um LHG- Arbeitnehmerrechte mit B\u00fcrgermeister Bernd<\/p>\n","protected":false},"author":292,"featured_media":0,"comment_status":"open","ping_status":"open","sticky":false,"template":"","format":"standard","meta":{"colormag_page_container_layout":"default_layout","colormag_page_sidebar_layout":"default_layout","footnotes":""},"categories":[5],"tags":[],"class_list":["post-5553","post","type-post","status-publish","format-standard","hentry","category-politik-wirtschaft"],"_links":{"self":[{"href":"https:\/\/hier-luebeck.de\/index.php\/wp-json\/wp\/v2\/posts\/5553","targetHints":{"allow":["GET"]}}],"collection":[{"href":"https:\/\/hier-luebeck.de\/index.php\/wp-json\/wp\/v2\/posts"}],"about":[{"href":"https:\/\/hier-luebeck.de\/index.php\/wp-json\/wp\/v2\/types\/post"}],"author":[{"embeddable":true,"href":"https:\/\/hier-luebeck.de\/index.php\/wp-json\/wp\/v2\/users\/292"}],"replies":[{"embeddable":true,"href":"https:\/\/hier-luebeck.de\/index.php\/wp-json\/wp\/v2\/comments?post=5553"}],"version-history":[{"count":0,"href":"https:\/\/hier-luebeck.de\/index.php\/wp-json\/wp\/v2\/posts\/5553\/revisions"}],"wp:attachment":[{"href":"https:\/\/hier-luebeck.de\/index.php\/wp-json\/wp\/v2\/media?parent=5553"}],"wp:term":[{"taxonomy":"category","embeddable":true,"href":"https:\/\/hier-luebeck.de\/index.php\/wp-json\/wp\/v2\/categories?post=5553"},{"taxonomy":"post_tag","embeddable":true,"href":"https:\/\/hier-luebeck.de\/index.php\/wp-json\/wp\/v2\/tags?post=5553"}],"curies":[{"name":"wp","href":"https:\/\/api.w.org\/{rel}","templated":true}]}}