{"id":55791,"date":"2011-11-29T14:06:26","date_gmt":"2011-11-29T14:06:26","guid":{"rendered":"http:\/\/www.hier-luebeck.de\/2011\/11\/bka-bka-herbsttagung60-jahre-bka-im-spannungsfeld-zwischen-freiheit-und-sicherheit-85\/"},"modified":"2011-11-29T14:06:26","modified_gmt":"2011-11-29T14:06:26","slug":"bka-bka-herbsttagung60-jahre-bka-im-spannungsfeld-zwischen-freiheit-und-sicherheit-85","status":"publish","type":"post","link":"https:\/\/hier-luebeck.de\/index.php\/bka-bka-herbsttagung60-jahre-bka-im-spannungsfeld-zwischen-freiheit-und-sicherheit-85\/","title":{"rendered":"BKA: BKA-Herbsttagung\n60 Jahre BKA: Im Spannungsfeld zwischen Freiheit und Sicherheit"},"content":{"rendered":"<p>Wiesbaden (ots) &#8211; BKA-Herbsttagung                                 Beginn: Dienstag, 06. Dezember 2011, 13:00 Uhr Tagungsort:  Rhein-Main-Hallen, Rheinstra\u00dfe 20, 65185 Wiesbaden Pressekonferenz:  Mittwoch, 07. Dezember 2011, 12:30 Uhr     Politische, \u00f6konomische und gesellschaftliche Entwicklungen  beeinflussen seit jeher die Ausgestaltung der deutschen  Sicherheitsarchitektur und somit den <!--more-->Aufbau und die Ausrichtung  unserer Sicherheitsbeh\u00f6rden. So pr\u00e4gte die Bek\u00e4mpfung des Terrors der &#8222;Rote Armee Fraktion&#8220; (RAF) die 70er und 80er Jahre des 20.  Jahrhunderts. In den 90er Jahren f\u00fchrte ein deutlicher Anstieg des  Bedrohungspotentials durch die Organisierte Kriminalit\u00e4t (OK) zu  einer ver\u00e4nderten Ausrichtung der Sicherheitsbeh\u00f6rden. Seit den  Anschl\u00e4gen vom 11. September 2001 stellt der internationale  islamistische Terrorismus  eine gro\u00dfe Herausforderung dar. Neue  Kooperationsformen auf polizeilicher und nachrichtendienstlicher  Ebene wie etwa das Gemeinsame Terrorismusabwehrzentrum (GTAZ) wurden  erfolgreich etabliert. Die zunehmende Vernetzung der Gesellschaft  durch das Internet er\u00f6ffnet auch Straft\u00e4tern neue Handlungsr\u00e4ume. Um  sich dieser Entwicklung zu stellen, sind nicht nur klassische  Ermittlungsmethoden durch neue Instrumente erg\u00e4nzt worden &#8211; auch das  Berufsbild des Kriminalbeamten erf\u00e4hrt eine st\u00e4ndige Fortentwicklung. Mit den menschenverachtenden Taten der Gruppe  &#8222;Nationalsozialistischer Untergrund&#8220; (NSU) hat die Politisch  motivierte Kriminalit\u00e4t -rechts- eine bisher nicht gekannte  terroristische Dimension erreicht. Die r\u00fcckhaltlose Aufkl\u00e4rung der  Geschehnisse sowie die Entwicklung neuer Strategien zur Bek\u00e4mpfung  des Rechtsextremismus und -terrorismus z\u00e4hlen zu den zentralen  Herausforderungen der Sicherheitsbeh\u00f6rden.     Das Programm der diesj\u00e4hrigen Herbsttagung gibt einen Einblick in  die wechselvolle Geschichte des BKA. In insgesamt elf Fachvortr\u00e4gen  werden aus verschiedenen Perspektiven unter besonderer Fokussierung  auf das Spannungsfeld zwischen Freiheit und Sicherheit die  kriminalpolizeiliche Arbeit und die Reaktionen des Staates auf die  jeweiligen Herausforderungen beleuchtet. Dar\u00fcber hinaus wird das Buch zu den Ergebnissen des Projekts zur Aufarbeitung der Geschichte des  BKA sowie ein weiterer Band mit ersten Diskussionen und Reaktionen  pr\u00e4sentiert, bevor die Herbsttagung mit einer Podiumsdiskussion zu  den aktuellen Herausforderungen durch Extremismus und Terrorismus  endet. Das detaillierte Programm finden Sie auf der Homepage des BKA, die Sie unter www.bka.de erreichen.     Am Mittwoch, 07. Dezember 2011, findet in der Tagungspause  zwischen 12:30 und 13:30 Uhr eine Pressekonferenz mit BKA-Pr\u00e4sident  J\u00f6rg Ziercke statt.     Akkreditierungen nimmt die BKA-Pressestelle bis Freitag, 02.  Dezember, 12:00 Uhr, unter der Fax-Nummer 0611-55-12323 entgegen.     Das Anmeldeformular finden Sie als Download unter www.bka.de,  Rubrik Presse, Abschnitt Presse-Akkreditierung.     Achtung:                                                           Die Veranstaltung findet in den Rhein-Main-Hallen, Rheinstra\u00dfe 20,  65185 Wiesbaden, statt. Wir bitten Sie, beim Eintreffen Ihren  Personalausweis bereitzuhalten. Parkpl\u00e4tze stehen an den  Rhein-Main-Hallen leider nur in begrenztem Umfang zur Verf\u00fcgung.  Parkm\u00f6glichkeiten gibt es unter anderem im Parkhaus Lilien-Carr\u00e9 am  Bahnhofsvorplatz. Eine Anfahrtsskizze finden Sie als Download unter  www.polizeipresse.de.     <\/p>\n<p>Quelle: <a href=\"http:\/\/www.presseportal.de\/polizeipresse\/pm\/7\/2156737\/bka-bka-herbsttagung-60-jahre-bka-im-spannungsfeld-zwischen-freiheit-und-sicherheit\/api\" target=\"_blank\">presseportal.de<\/a><\/p>\n","protected":false},"excerpt":{"rendered":"<p>Wiesbaden (ots) &#8211; BKA-Herbsttagung Beginn: Dienstag, 06. Dezember 2011, 13:00 Uhr Tagungsort: Rhein-Main-Hallen, Rheinstra\u00dfe 20, 65185 Wiesbaden Pressekonferenz: Mittwoch, 07.<\/p>\n","protected":false},"author":3,"featured_media":0,"comment_status":"open","ping_status":"open","sticky":false,"template":"","format":"standard","meta":{"colormag_page_container_layout":"default_layout","colormag_page_sidebar_layout":"default_layout","footnotes":""},"categories":[20],"tags":[],"class_list":["post-55791","post","type-post","status-publish","format-standard","hentry","category-besondere-neuigkeiten"],"_links":{"self":[{"href":"https:\/\/hier-luebeck.de\/index.php\/wp-json\/wp\/v2\/posts\/55791","targetHints":{"allow":["GET"]}}],"collection":[{"href":"https:\/\/hier-luebeck.de\/index.php\/wp-json\/wp\/v2\/posts"}],"about":[{"href":"https:\/\/hier-luebeck.de\/index.php\/wp-json\/wp\/v2\/types\/post"}],"author":[{"embeddable":true,"href":"https:\/\/hier-luebeck.de\/index.php\/wp-json\/wp\/v2\/users\/3"}],"replies":[{"embeddable":true,"href":"https:\/\/hier-luebeck.de\/index.php\/wp-json\/wp\/v2\/comments?post=55791"}],"version-history":[{"count":0,"href":"https:\/\/hier-luebeck.de\/index.php\/wp-json\/wp\/v2\/posts\/55791\/revisions"}],"wp:attachment":[{"href":"https:\/\/hier-luebeck.de\/index.php\/wp-json\/wp\/v2\/media?parent=55791"}],"wp:term":[{"taxonomy":"category","embeddable":true,"href":"https:\/\/hier-luebeck.de\/index.php\/wp-json\/wp\/v2\/categories?post=55791"},{"taxonomy":"post_tag","embeddable":true,"href":"https:\/\/hier-luebeck.de\/index.php\/wp-json\/wp\/v2\/tags?post=55791"}],"curies":[{"name":"wp","href":"https:\/\/api.w.org\/{rel}","templated":true}]}}