{"id":5627,"date":"2008-03-06T16:53:20","date_gmt":"2008-03-06T16:53:20","guid":{"rendered":"http:\/\/testserver\/wordpress\/?p=5527"},"modified":"2008-03-06T16:53:20","modified_gmt":"2008-03-06T16:53:20","slug":"kampf_dem_schleichwegverkehr_durch_wohngebiete","status":"publish","type":"post","link":"https:\/\/hier-luebeck.de\/index.php\/kampf_dem_schleichwegverkehr_durch_wohngebiete\/","title":{"rendered":"Kampf dem Schleich(weg-)verkehr durch Wohngebiete"},"content":{"rendered":"<p><img decoding=\"async\" title=\"HL-Info-kl\" src=\"http:\/\/www.hier-luebeck.de\/images\/topics\/HL-Info-kl.jpg\" alt=\"HL-Info-kl\" \/><br \/>\nMit der offiziellen Inbetriebnahme der sogenannten &#8222;Nordtangente&#8220; am Montag, 10. M\u00e4rz 2008, wird nicht nur eine Br\u00fcckenverbindung zwischen den L\u00fcbecker Stadteilen St. Gertrud und St. Lorenz geschaffen, sondern die Chance genutzt, zus\u00e4tzliche Verkehrsberuhigungsma\u00dfnahmen in den nachgeordneten Verkehrsstra\u00dfen zu realisieren.<!--more-->In den Quartieren im Umfeld der neuen Verbindung ergreift die Hansestadt nunmehr Ma\u00dfnahmen, mit denen unerw\u00fcnschter Kfz-Verkehr durch diese Gebiete vermieden werden kann.<\/p>\n<p>So wird das Baudezernat noch vor Freigabe des Verkehrs \u00fcber die Br\u00fccke in den Quartieren &#8222;Gertrudenkirchhof&#8220; und &#8222;Hochstra\u00dfe&#8220; seine Pl\u00e4ne gegen die negativen Auswirkungen des neuen Verkehrsweges infolge von Schleichverkehren umsetzen.<br \/>\nIm Einzelnen wird vor Freigabe der Eric-Warburg-Br\u00fccke von der Travem\u00fcnder Allee das Linksabbiegen in die Stra\u00dfe &#8222;Am Getrudenkirchhof&#8220; unterbunden. Hier darf der Kfz-Verkehr zuk\u00fcnftig nur noch geradeaus fahren.<\/p>\n<p>Gleichzeitig wird in der Stra\u00dfe &#8222;Am Gertrudenkirchhof&#8220; in H\u00f6he der Sporthalle zwischen Travem\u00fcnder Allee und Jerusalemsberg eine Einbahnstra\u00dfenregelung eingerichtet. Es darf dann aus dem Quartier k\u00fcnftig nicht mehr in die Travem\u00fcnder Allee ausgefahren werden. Der Fahrradverkehr wird von dieser Regelung ausgenommen, so dass die Erreichbarkeit mit dem Rad auf kurzem Wege f\u00fcr das Quartier erhalten bleibt. Die Hinweisbeschilderung f\u00fcr die Jugendherberge und das Fortbildungszentrum in der Konstinstra\u00dfe am Gustav-Radbruch-Platz wird angepasst.<\/p>\n<p>F\u00fcr das Wohngebiet an der Hoch-\/Josephinenstra\u00dfe wird das Linksabbiegen aus der Schwartauer Allee in die Hochstra\u00dfe untersagt. Dar\u00fcber hinaus wird in der Schaltung der Signalanlage die Gr\u00fcnzeit f\u00fcr die Ausfahrt aus der Hochstra\u00dfe in die Schwartauer Allee auf ein Minimum begrenzt, so dass die Attraktivit\u00e4t, hier zu fahren, reduziert wird. Gleichzeitig wird f\u00fcr das Wohngebiet eine Tempo 30-Zone eingerichtet, die neben der Hoch- auch die Elisen- und Teile der Josephinenstra\u00dfe umfasst.<\/p>\n<p>Mit der Beschilderung dieser neuen Tempo 30-Zone wird in L\u00fcbeck die einhunderste Tempo 30-Zone ausgewiesen. Die vorhandene Hinweisbeschilderung aus Richtung Bad Schwartau wird angepasst.<\/p>\n<p>Am Montag, 10. M\u00e4rz, wird mit der Nordtangenten\u00f6ffnung die bereits hergestellte Linksabbiegespur von der Schwartauer Allee in die Karlstra\u00dfe f\u00fcr den Verkehr freigegeben. Dazu finden am Montag noch umfangreiche Arbeiten an der Lichtsignalanlage Schwartauer Allee\/Karlstra\u00dfe\/Bei der Lohm\u00fchle statt. In dem Zusammenhang werden Anpassungen an den Signalprogrammen durchgef\u00fchrt, mit denen unter anderem s\u00e4mtliche Linksabbieger gesonderte Signale erhalten. Diese Signalprogramme sind au\u00dferdem auf eine zuk\u00fcnftige Gr\u00fcne Welle f\u00fcr die Achse &#8222;Bei der Lohm\u00fchle&#8220; &#8211; Karlstra\u00dfe ausgelegt. Diese wird zur Vorfahrtstra\u00dfe.<\/p>\n<p>Entsprechende Markierungsarbeiten im Kreuzungsbereich, die sehr umfangreich sind, k\u00f6nnen bei ihrer Ausf\u00fchrung zeitweise zu leichten Behinderungen f\u00fchren.<br \/>\nDurch den neuen Br\u00fcckenschlag sind aber auch sp\u00fcrbare Entlastungen insbesondere auf der Achse Friedenstra\u00dfe\/Marienbr\u00fccke\/An der Untertrave zu erwarten, die nach der vollst\u00e4ndigen Inbetriebnahme der Nordtangente die Voraussetzungen schaffen f\u00fcr eine Umgestaltung der Untertrave und Beruhigung der Friedenstra\u00dfe.<\/p>\n<p>F\u00fcr die Friedenstra\u00dfe ist bereits nach Abschluss der Arbeiten an der St-Lorenz-Br\u00fccke (&#8222;Meierbr\u00fccke&#8220;) eine Umgestaltung der Einm\u00fcndung in die Schwartauer Allee vorgesehen. Die derzeitige Kreuzung wird zu zwei versetzt zueinander liegenden Einm\u00fcndungen umgestaltet. Die Fahrbeziehung Friedenstra\u00dfe-Marienbr\u00fccke und umgekehrt wird dann ausgeschlossen und somit die Friedenstra\u00dfe beruhigt.<br \/>\nMit den eingeleiteten Ma\u00dfnahmen soll die potentielle Gefahr von Kfz-Durchgangsverkehren in den angesprochenen Quartieren vermieden werden. Die Ma\u00dfnahmen werden nach Inbetriebnahme der Nordtangente auf ihre Wirksamkeit hin gepr\u00fcft. <\/p>\n","protected":false},"excerpt":{"rendered":"<p>Mit der offiziellen Inbetriebnahme der sogenannten &#8222;Nordtangente&#8220; am Montag, 10. M\u00e4rz 2008, wird nicht nur eine Br\u00fcckenverbindung zwischen den L\u00fcbecker<\/p>\n","protected":false},"author":292,"featured_media":0,"comment_status":"open","ping_status":"open","sticky":false,"template":"","format":"standard","meta":{"colormag_page_container_layout":"default_layout","colormag_page_sidebar_layout":"default_layout","footnotes":""},"categories":[10],"tags":[],"class_list":["post-5627","post","type-post","status-publish","format-standard","hentry","category-lubeck-lupe"],"_links":{"self":[{"href":"https:\/\/hier-luebeck.de\/index.php\/wp-json\/wp\/v2\/posts\/5627","targetHints":{"allow":["GET"]}}],"collection":[{"href":"https:\/\/hier-luebeck.de\/index.php\/wp-json\/wp\/v2\/posts"}],"about":[{"href":"https:\/\/hier-luebeck.de\/index.php\/wp-json\/wp\/v2\/types\/post"}],"author":[{"embeddable":true,"href":"https:\/\/hier-luebeck.de\/index.php\/wp-json\/wp\/v2\/users\/292"}],"replies":[{"embeddable":true,"href":"https:\/\/hier-luebeck.de\/index.php\/wp-json\/wp\/v2\/comments?post=5627"}],"version-history":[{"count":0,"href":"https:\/\/hier-luebeck.de\/index.php\/wp-json\/wp\/v2\/posts\/5627\/revisions"}],"wp:attachment":[{"href":"https:\/\/hier-luebeck.de\/index.php\/wp-json\/wp\/v2\/media?parent=5627"}],"wp:term":[{"taxonomy":"category","embeddable":true,"href":"https:\/\/hier-luebeck.de\/index.php\/wp-json\/wp\/v2\/categories?post=5627"},{"taxonomy":"post_tag","embeddable":true,"href":"https:\/\/hier-luebeck.de\/index.php\/wp-json\/wp\/v2\/tags?post=5627"}],"curies":[{"name":"wp","href":"https:\/\/api.w.org\/{rel}","templated":true}]}}