{"id":5629,"date":"2008-03-06T17:20:11","date_gmt":"2008-03-06T17:20:11","guid":{"rendered":"http:\/\/testserver\/wordpress\/?p=5529"},"modified":"2008-03-06T17:20:11","modified_gmt":"2008-03-06T17:20:11","slug":"lbeck_feiert_nordtangente_mit_einem_brckenfest","status":"publish","type":"post","link":"https:\/\/hier-luebeck.de\/index.php\/lbeck_feiert_nordtangente_mit_einem_brckenfest\/","title":{"rendered":"L\u00fcbeck feiert Nordtangente mit einem Br\u00fcckenfest"},"content":{"rendered":"<p><img decoding=\"async\" title=\"HL-Info-kl\" src=\"http:\/\/www.hier-luebeck.de\/images\/topics\/HL-Info-kl.jpg\" alt=\"HL-Info-kl\" \/><br \/>\nMit einem Br\u00fcckenfest feiert die Hansestadt L\u00fcbeck am Sonntag, 9. M\u00e4rz 2008, zwischen 11 und 16 Uhr die \u00d6ffnung der sogenannten Nordtangente und die bevorstehende Inbetriebnahme der &#8222;Eric-Warburg-Br\u00fccke&#8220;, einer 182 Meter lagen Klappbr\u00fccke, die eine Umfahrung von L\u00fcbeck im Norden der Altstadt erm\u00f6glicht. <!--more-->Der &#8222;Tag der Offenen Br\u00fccke&#8220;, an dem das 72 Millionen Euro teure Gesamtbauwerk &#8222;Nordtangente&#8220; f\u00fcr Fu\u00dfg\u00e4nger freigegeben wird, geht der offiziellen Inbetriebnahme am Montag (10 Uhr), voraus.<\/p>\n<p>Die Hansestadt rechnet aufgrund der Jahrhundert-Bedeutung des Bauwerks, zu dem erste Planungen schon im Jahre 1884 aufgenommen wurden, mit einem gro\u00dfen Besucherandrang. Parkpl\u00e4tze stehen auf dem Gel\u00e4nde der Firmen LMG und Pneumobil, am linken Traveufer zur Verf\u00fcgung. Besuchern wird indes geraten, zu Fu\u00df, per Rad oder mit \u00f6ffentlichen Verkehrsmitteln zum Br\u00fcckenfest zu kommen, da eine Befahrung des Bauwerks mit Kraftfahrzeugen erst am offiziellen Verkehrs\u00fcbergabetag, am Montag, 10. M\u00e4rz 2008, ab 12 Uhr m\u00f6glich sein wird.<\/p>\n<p>Vorgesehen sind beim Br\u00fcckenfest am Sonntag st\u00fcndliche Br\u00fccken\u00f6ffnungen und F\u00fchrungen durch den Steuerstand der Klappbr\u00fccke in kleinen Gruppen.<br \/>\nEin wichtiger Hinweis f\u00fcr alle Teilnehmer am Br\u00fcckenfest: Die Eric-Warburg-Br\u00fccke wird am Ende des Br\u00fcckenfest um 16 Uhr in ge\u00f6ffneter Position stehen bleiben. Eine \u00dcberquerung ist danach nicht mehr m\u00f6glich.<\/p>\n<p>Hintergrund: Die Nordtangente ist Teil des weitgehend ausgebauten innerst\u00e4dtischen Tangentenringes, der die A 1 L\u00fcbeck-Hamburg und die \u00f6stlich und westlich der L\u00fcbecker Altstadt liegenden Stadtteile, Gewerbe- und Erholungsgebiete miteinander verbindet. Der L\u00fcckenschluss und wichtigste Baustein der Nordtangente ist die Querung der Trave, einer vielbefahrenen Bundeswasserstra\u00dfe, durch eine neue bewegliche Br\u00fccke n\u00f6rdlich der Altstadtinsel. Sie verbindet die vorhandenen, aber umzubauenden Stra\u00dfen Einsiedelstra\u00dfe am Westufer und Neue Hafenstra\u00dfe am Ostufer der Trave. Die neue Flussquerung wird endlich zu einer Entlastung der L\u00fcbecker Altstadt, die 1987 zum UNESCO-Weltkulturerbe erkl\u00e4rt wurde, vom Durchgangsverkehr f\u00fchren. Immerhin ist f\u00fcr die neue Br\u00fccke, die Eric-Warburg-Br\u00fccke, ein Verkehr von t\u00e4glich 40 000 Kraftfahrzeugen prognostiziert.<\/p>\n","protected":false},"excerpt":{"rendered":"<p>Mit einem Br\u00fcckenfest feiert die Hansestadt L\u00fcbeck am Sonntag, 9. M\u00e4rz 2008, zwischen 11 und 16 Uhr die \u00d6ffnung der<\/p>\n","protected":false},"author":292,"featured_media":0,"comment_status":"open","ping_status":"open","sticky":false,"template":"","format":"standard","meta":{"colormag_page_container_layout":"default_layout","colormag_page_sidebar_layout":"default_layout","footnotes":""},"categories":[15],"tags":[],"class_list":["post-5629","post","type-post","status-publish","format-standard","hentry","category-kultur"],"_links":{"self":[{"href":"https:\/\/hier-luebeck.de\/index.php\/wp-json\/wp\/v2\/posts\/5629","targetHints":{"allow":["GET"]}}],"collection":[{"href":"https:\/\/hier-luebeck.de\/index.php\/wp-json\/wp\/v2\/posts"}],"about":[{"href":"https:\/\/hier-luebeck.de\/index.php\/wp-json\/wp\/v2\/types\/post"}],"author":[{"embeddable":true,"href":"https:\/\/hier-luebeck.de\/index.php\/wp-json\/wp\/v2\/users\/292"}],"replies":[{"embeddable":true,"href":"https:\/\/hier-luebeck.de\/index.php\/wp-json\/wp\/v2\/comments?post=5629"}],"version-history":[{"count":0,"href":"https:\/\/hier-luebeck.de\/index.php\/wp-json\/wp\/v2\/posts\/5629\/revisions"}],"wp:attachment":[{"href":"https:\/\/hier-luebeck.de\/index.php\/wp-json\/wp\/v2\/media?parent=5629"}],"wp:term":[{"taxonomy":"category","embeddable":true,"href":"https:\/\/hier-luebeck.de\/index.php\/wp-json\/wp\/v2\/categories?post=5629"},{"taxonomy":"post_tag","embeddable":true,"href":"https:\/\/hier-luebeck.de\/index.php\/wp-json\/wp\/v2\/tags?post=5629"}],"curies":[{"name":"wp","href":"https:\/\/api.w.org\/{rel}","templated":true}]}}