{"id":5631,"date":"2008-03-06T17:41:10","date_gmt":"2008-03-06T17:41:10","guid":{"rendered":"http:\/\/testserver\/wordpress\/?p=5531"},"modified":"2008-03-06T17:41:10","modified_gmt":"2008-03-06T17:41:10","slug":"hansestadt_beteiligt_privatwirtschaft_an_abfallentsorgung","status":"publish","type":"post","link":"https:\/\/hier-luebeck.de\/index.php\/hansestadt_beteiligt_privatwirtschaft_an_abfallentsorgung\/","title":{"rendered":"Hansestadt beteiligt Privatwirtschaft an Abfallentsorgung"},"content":{"rendered":"<p><img decoding=\"async\" title=\"HL-Info-kl\" src=\"http:\/\/www.hier-luebeck.de\/images\/topics\/HL-Info-kl.jpg\" alt=\"HL-Info-kl\" \/><br \/>\nL\u00fcbecks Abfallentsorgung wird k\u00fcnftig in enger Zusammenarbeit mit einem privaten Unternehmen organisiert. Dies beschloss die B\u00fcrgerschaft der Hansestadt in ihrer j\u00fcngsten Sitzung am Montag, 4. M\u00e4rz 2008. Damit erh\u00e4lt die Bietergemeinschaft &#8222;Nehlsen &#038; D\u00f6rner&#8220; 49,9 Prozent der Abfallwirtschaft.<!--more-->Dem Beschluss zufolge, der mit einer Stimmenmehrheit von 28 von 29 Stimmen fiel, wird der B\u00fcrgermeister erm\u00e4chtigt, das Angebot der Bietergemeinschaft Nehlsen GmbH &#038; Co. KG \/ Otto D\u00f6rner Entsorgung GmbH zum Abschluss eines Beteiligungs- und Anteilskaufvertrages \u00fcber 49,9 Prozent an einer noch zu gr\u00fcndenden &#8222;Abfall GmbH&#8220; anzunehmen. Die B\u00fcrgerschaftsmitglieder von SPD (17 Stimmen) und Gr\u00fcnen (4 Stimmen) hatten aus Protest gegen den Verfahrensablauf an der Abstimmung nicht teilgenommen und die nicht\u00f6ffentliche Sitzung zuvor verlassen.<\/p>\n<p>B\u00fcrgermeister Bernd Saxe und Umweltsenator Thorsten Gei\u00dfler \u00e4u\u00dferten sich nach der Entscheidung erleichtert dar\u00fcber, dass nach den umfassenden Vorarbeiten zur strategischen Neuausrichtung nunmehr f\u00fcr zwei wesentliche Bereiche der Entsorgungsbetriebe L\u00fcbeck ein Ergebnis gefunden wurde.<\/p>\n<p>Dr. Jan-Dirk Verwey, erster Werkleiter der Entsorgungsbetriebe L\u00fcbeck, ist davon \u00fcberzeugt, dass der nun ausgew\u00e4hlte Partner die eingeleiteten Prozesse zur Optimierung beschleunigen und kooperativ begleiten wird. &#8222;Neue Impulse werden das Unternehmen auf seinem Weg zu einem marktorientierten, modernen Umweltdienstleister f\u00fcr die B\u00fcrger und die Unternehmen der Hansestadt L\u00fcbeck und benachbarter Regionen weiter voranbringen&#8220;, sagte Verwey.<\/p>\n<p>&#8222;Von gro\u00dfem Vorteil f\u00fcr das Vergabeverfahren sei das im Sommer 2007 vorgeschaltete Markterkundungsverfahren gewesen&#8220;, sagte auch Umweltsenator Gei\u00dfler : &#8222;Auf dieser Basis konnte das eigentliche Vergabeverfahren in deutlich weniger als sechs Monaten bew\u00e4ltigt werden, weil sowohl die Mitarbeiter der Entsorgungsbetriebe L\u00fcbeck als auch die Berater w\u00e4hrend dieses Zeitraumes H\u00f6chstleistungen erbracht haben. Daf\u00fcr Danke ich allen sehr herzlich.&#8220;<br \/>\nBegleitet wurde die Hansestadt L\u00fcbeck von der Wirtschaftspr\u00fcfungs- und Beratungsgesellschaft KPMG aus Frankfurt, dem abfalltechnischen Beratungsunternehmen ATUS aus Hamburg sowie der Hamburger Anwaltssoziet\u00e4t White &#038; Case.<br \/>\nAus Sicht der Entsorgungsbetriebe L\u00fcbeck werden aber noch einige Monate vergehen, bis die Partnerschaft beginnen kann. Die gemeinsame Gesellschaft wird aus heutiger Sicht fr\u00fchestens im Sp\u00e4tsommer 2008 ihren Betrieb aufnehmen k\u00f6nnen. Vorher sind unter anderem noch die folgenden Schritte zu erledigen:<br \/>\n1. Genehmigung durch die Kommunalaufsicht <br \/>\n2. Freigabe durch die Kartellbeh\u00f6rden <br \/>\n3. Gr\u00fcnden der gemeinsamen Gesellschaft (GmbH)<\/p>\n<p>Hintergrund:<br \/>\nEntsorgungsbetriebe L\u00fcbeck (EBL): Die Entsorgungsbetriebe L\u00fcbeck sind der Umweltdienstleister der Hansestadt L\u00fcbeck mit den Sparten Abfallwirtschaft, Stadtreinigung \/ Winterdienst und Abwasser \/ Gew\u00e4sserschutz und werden als eigenbetriebs\u00e4hnliche Einrichtung der Hansestadt L\u00fcbeck gef\u00fchrt. Sie besch\u00e4ftigen zur Zeit 520 Mitarbeiter. Der Umsatz des Gesamtunternehmens im Jahr 2007 betrug rund 80 Millionen Euro.<\/p>\n<p>Das Bieterkonsortium Nehlsen \/ D\u00f6rner ist eine Zusammenarbeit der Nehlsen GmbH &#038; Co. KG und der Otto D\u00f6rner Entsorgung GmbH &#8211; beides Familienunternehmen mit langj\u00e4hriger Erfahrung in der kommunalen und privaten Entsorgungswirtschaft. Beide haben ihre Wurzeln in Norddeutschland.<\/p>\n<p>&#8226;\tDie Nehlsen AG als Dachgesellschaft ist ein Unternehmen mit den Kerngesch\u00e4ften Entsorgung, Contracting sowie Sicherheit und ist seit 1923 am Markt t\u00e4tig. Rund 3000 Mitarbeiterinnen und Mitarbeiter sind an mehr als 30 Standorten besch\u00e4ftigt. Der Umsatz im Jahr 2006 betrug 230 Millionen Euro. Die Firmenzentrale mit Hauptsitz in Bremen b\u00fcndelt alle Aktivit\u00e4ten und der Unternehmensgruppe. International ist das Unternehmen auch in Osteuropa, Afrika und Hongkong t\u00e4tig.<br \/>\n&#8226;\t<br \/>\nDie Otto D\u00f6rner Unternehmensgruppe besch\u00e4ftigt 700 Mitarbeiterinnen und Mitarbeitern in den Gesch\u00e4ftsbereichen Entsorgung, Recycling, Kies und Deponien sowie Bodensanierung und ist seit mehr als 80 Jahren in ganz Norddeutschland aktiv. Die Otto D\u00f6rner Entsorgung GmbH hat ihren Hauptsitz in Hamburg. Der Umsatz im Jahr 2006 betrug 114 Millionen Euro.<\/p>\n","protected":false},"excerpt":{"rendered":"<p>L\u00fcbecks Abfallentsorgung wird k\u00fcnftig in enger Zusammenarbeit mit einem privaten Unternehmen organisiert. Dies beschloss die B\u00fcrgerschaft der Hansestadt in ihrer<\/p>\n","protected":false},"author":292,"featured_media":0,"comment_status":"open","ping_status":"open","sticky":false,"template":"","format":"standard","meta":{"colormag_page_container_layout":"default_layout","colormag_page_sidebar_layout":"default_layout","footnotes":""},"categories":[10],"tags":[],"class_list":["post-5631","post","type-post","status-publish","format-standard","hentry","category-lubeck-lupe"],"_links":{"self":[{"href":"https:\/\/hier-luebeck.de\/index.php\/wp-json\/wp\/v2\/posts\/5631","targetHints":{"allow":["GET"]}}],"collection":[{"href":"https:\/\/hier-luebeck.de\/index.php\/wp-json\/wp\/v2\/posts"}],"about":[{"href":"https:\/\/hier-luebeck.de\/index.php\/wp-json\/wp\/v2\/types\/post"}],"author":[{"embeddable":true,"href":"https:\/\/hier-luebeck.de\/index.php\/wp-json\/wp\/v2\/users\/292"}],"replies":[{"embeddable":true,"href":"https:\/\/hier-luebeck.de\/index.php\/wp-json\/wp\/v2\/comments?post=5631"}],"version-history":[{"count":0,"href":"https:\/\/hier-luebeck.de\/index.php\/wp-json\/wp\/v2\/posts\/5631\/revisions"}],"wp:attachment":[{"href":"https:\/\/hier-luebeck.de\/index.php\/wp-json\/wp\/v2\/media?parent=5631"}],"wp:term":[{"taxonomy":"category","embeddable":true,"href":"https:\/\/hier-luebeck.de\/index.php\/wp-json\/wp\/v2\/categories?post=5631"},{"taxonomy":"post_tag","embeddable":true,"href":"https:\/\/hier-luebeck.de\/index.php\/wp-json\/wp\/v2\/tags?post=5631"}],"curies":[{"name":"wp","href":"https:\/\/api.w.org\/{rel}","templated":true}]}}