{"id":5633,"date":"2008-03-06T17:55:16","date_gmt":"2008-03-06T17:55:16","guid":{"rendered":"http:\/\/testserver\/wordpress\/?p=5533"},"modified":"2008-03-06T17:55:16","modified_gmt":"2008-03-06T17:55:16","slug":"cdu_beliebigkeit_dein_name_ist_reinhardt","status":"publish","type":"post","link":"https:\/\/hier-luebeck.de\/index.php\/cdu_beliebigkeit_dein_name_ist_reinhardt\/","title":{"rendered":"CDU: Beliebigkeit, dein Name ist Reinhardt"},"content":{"rendered":"<p><img decoding=\"async\" title=\"CDULuebeckLogo\" src=\"http:\/\/www.hier-luebeck.de\/images\/topics\/CDULuebeckLogo.jpg\" alt=\"CDULuebeckLogo\" \/><br \/>\nDie in seiner j\u00fcngsten Mitteilung proklamierte parteipolitische Meinungsmache des SPD-Fraktionsvorsitzenden Peter Reinhardt wird von der CDU-Fraktion aufs Sch\u00e4rfste verurteilt. Dazu die stellvertretenden Vorsitzenden der CDU-B\u00fcrgerschaftsfraktion Roswitha Kaske und Klaus Petersen:<!--more-->&#8222;Peter Reinhardt bringt das Fass zum \u00dcberlaufen. Erst hetzt er die LHG-Arbeitnehmer mit uns\u00e4glich aggressivem Populismus und immer wieder vorgetragenen Falschaussagen zu einem f\u00fcr die Arbeitnehmerinnen und Arbeitnehmer selbst und den gesamten Logistikstandort L\u00fcbeck \u00e4u\u00dferst sch\u00e4dlichen Konfrontationssituation, dann eskaliert er diese, indem er die St\u00fcrmung des B\u00fcrgerschaftssaales durch Demonstranten begr\u00fc\u00dft und sich anschlie\u00dfend einer demokratischen Abstimmung und damit seiner Mandatswahrnehmung entzieht, und nun wirft er der CDU vor, sich hinter dem sozialdemokratischen B\u00fcrgermeister zu verstecken.&#8220;, fassen die stellvertretenden Vorsitzenden der CDU-B\u00fcrgerschaftsfraktion Roswitha Kaske und Klaus Petersen, die Situation zusammen.<\/p>\n<p>Tats\u00e4chlich habe die CDU von Anfang an aber ihren Kurs durchgehalten und zu jedem Zeitpunkt ihre Position offen dargelegt. Dies meist im Gegensatz zur SPD, die zu Beginn noch das Verfahren zur Suche nach einem Partner mitgetragen und anschlie\u00dfend unter dem Eindruck einer erstarkenden &#8222;Linkspartei&#8220; die gr\u00f6\u00dfte Kehrtwende in der Geschichte der L\u00fcbecker SPD zu verantworten hat.<\/p>\n<p>&#8222;Wenn sich hier jemand versteckt, dann ist es Peter Reinhardt. Er versteckt sich hinter einem Berg von Ideologie und politischen Dummheiten. Die SPD-Fraktion hat es zu einem wesentlichen Teil mit zu verantworten, dass die Konfrontation zwischen Arbeitnehmern und Arbeitgebern in L\u00fcbeck eine Sch\u00e4rfe erreicht hat, die Kompromisse unglaublich schwierig macht. Und er hetzt die Menschen weiter auf, indem er mit ihren \u00c4ngsten spielt. Das ist unverantwortlich, denn es ist ohne jede inhaltliche Grundlage.&#8220;, so Kaske und Petersen weiter.<\/p>\n<p>Die CDU wendet sich mit Verachtung von der Politik dieser SPD-Fraktion, die jedes Verantwortungsgef\u00fchl f\u00fcr die Zukunft unserer Stadt verloren zu haben scheint, ab: &#8222;Wir sind ersch\u00fcttert, wie Herr Reinhardt jeden Tag aufs neue versucht, \u00d6l in ein Feuer zu gie\u00dfen, um einen ihm offenbar genehmen Fl\u00e4chenbrand auszul\u00f6sen. Er wird sp\u00e4testens zur Kommunalwahl feststellen, dass die L\u00fcbeckerinnen und L\u00fcbecker keine Agitprops, sondern verantwortungsvolle und kompromissf\u00e4hige Politiker in ihrem Rathaus sehen m\u00f6chten. Eine Zusammenarbeit zwischen CDU und SPD scheint langsam aber sicher v\u00f6llig unm\u00f6glich zu werden.&#8220;, so Kaske und Petersen abschlie\u00dfend.<\/p>\n<p>Quelle: CDU L\u00fcbeck<\/p>\n","protected":false},"excerpt":{"rendered":"<p>Die in seiner j\u00fcngsten Mitteilung proklamierte parteipolitische Meinungsmache des SPD-Fraktionsvorsitzenden Peter Reinhardt wird von der CDU-Fraktion aufs Sch\u00e4rfste verurteilt. Dazu<\/p>\n","protected":false},"author":292,"featured_media":0,"comment_status":"open","ping_status":"open","sticky":false,"template":"","format":"standard","meta":{"colormag_page_container_layout":"default_layout","colormag_page_sidebar_layout":"default_layout","footnotes":""},"categories":[5],"tags":[],"class_list":["post-5633","post","type-post","status-publish","format-standard","hentry","category-politik-wirtschaft"],"_links":{"self":[{"href":"https:\/\/hier-luebeck.de\/index.php\/wp-json\/wp\/v2\/posts\/5633","targetHints":{"allow":["GET"]}}],"collection":[{"href":"https:\/\/hier-luebeck.de\/index.php\/wp-json\/wp\/v2\/posts"}],"about":[{"href":"https:\/\/hier-luebeck.de\/index.php\/wp-json\/wp\/v2\/types\/post"}],"author":[{"embeddable":true,"href":"https:\/\/hier-luebeck.de\/index.php\/wp-json\/wp\/v2\/users\/292"}],"replies":[{"embeddable":true,"href":"https:\/\/hier-luebeck.de\/index.php\/wp-json\/wp\/v2\/comments?post=5633"}],"version-history":[{"count":0,"href":"https:\/\/hier-luebeck.de\/index.php\/wp-json\/wp\/v2\/posts\/5633\/revisions"}],"wp:attachment":[{"href":"https:\/\/hier-luebeck.de\/index.php\/wp-json\/wp\/v2\/media?parent=5633"}],"wp:term":[{"taxonomy":"category","embeddable":true,"href":"https:\/\/hier-luebeck.de\/index.php\/wp-json\/wp\/v2\/categories?post=5633"},{"taxonomy":"post_tag","embeddable":true,"href":"https:\/\/hier-luebeck.de\/index.php\/wp-json\/wp\/v2\/tags?post=5633"}],"curies":[{"name":"wp","href":"https:\/\/api.w.org\/{rel}","templated":true}]}}