{"id":5634,"date":"2008-03-06T18:20:42","date_gmt":"2008-03-06T18:20:42","guid":{"rendered":"http:\/\/testserver\/wordpress\/?p=5534"},"modified":"2008-03-06T18:20:42","modified_gmt":"2008-03-06T18:20:42","slug":"lbecker_fdp_fordert_entschuldigung_des_brgermeisters_zu_seiner_reaktion_in_giftgasbehltersache","status":"publish","type":"post","link":"https:\/\/hier-luebeck.de\/index.php\/lbecker_fdp_fordert_entschuldigung_des_brgermeisters_zu_seiner_reaktion_in_giftgasbehltersache\/","title":{"rendered":"L\u00fcbecker FDP fordert Entschuldigung des B\u00fcrgermeisters zu seiner Reaktion in Giftgasbeh\u00e4lter-Sache"},"content":{"rendered":"<p><img decoding=\"async\" title=\"Blunk_Michaela\" src=\"http:\/\/www.hier-luebeck.de\/images\/topics\/Blunk_Michaela.jpg\" alt=\"Blunk_Michaela\" \/><br \/>\nAuch nach bisher ergebnisloser Suche nach in der L\u00fcbecker Bucht vermuteter und versenkter Giftgastbeh\u00e4lter geht die Partei dieser Sache weiter nach. In Hauptausschuss und B\u00fcrgerschaft hat nun dabei aus Sicht der Fraktionsvorsitzenden der FDP Dr. Michaela Blunk B\u00fcrgermeister Bernd Saxe sie und damit die L\u00fcbecker FDP beleidigt. Er geht davon aus, dass es diese Versenkung nicht gegeben habe, weil dazu keine Akte vorhanden sei. Er warf der FDP in der Person der FDP &#8211; Fraktionsvorsitzenden Panikmache ohne jeden Anhaltspunkt vor. Sie fordert nun den B\u00fcrgermeister auf, sich daf\u00fcr zu entschuldigen.  <!--more-->&#8222;Nach unserem ersten Antrag zum Giftgasproblem gab es 1. eine ergebnislose Suche nach den 15 Beh\u00e4ltern an der offiziell vermerkten Versenkungsstelle vor Travem\u00fcnde, 2. die \u00fcberraschende Information \u00fcber im Jahr 2001 vor Neustadt gefundene Beh\u00e4lter und 3. unterschiedlichste Gefahreneinsch\u00e4tzungen zahlloser Verantwortlicher in Stadt und Land. Wegen dieser unertr\u00e4glichen Unsicherheit hatte die FDP-L\u00fcbeck einen zweiten Antrag mit der Forderung eingebracht, die Neust\u00e4dter Beh\u00e4lter zu bergen und zu untersuchen sowie an der Stelle vor Travem\u00fcnde erneut zu suchen, wenn die Flaschen vor Neustadt nicht mit den L\u00fcbeckern identisch sind.<\/p>\n<p>Angesichts dieses Antrages zog der B\u00fcrgermeister im Hauptausschuss den abenteuerlichen Schluss, dass es keine Versenkung von fl\u00fcssigem Chlor, Phosgen und Lachgas in der L\u00fcbecker Bucht gegeben haben kann, weil sich in L\u00fcbeck keine Akte dar\u00fcber finden lasse.<\/p>\n<p>In der B\u00fcrgerschaftssitzung setzte der B\u00fcrgermeister noch zwei drauf: W\u00e4hrend und nach meinem Redebeitrag leugnete er nicht nur erregt die von verschiedenen offiziellen Stellen angef\u00fchrte Versenkung vor Travem\u00fcnde, sondern er verstieg sich sogar zu der Ungeheuerlichkeit, der FDP in meiner Person Panikmache ohne jeden Anhaltspunkt f\u00fcr die von uns &#8222;behauptete Versenkung&#8220; vorzuwerfen.<\/p>\n<p>Er steigerte sich noch weiter und unterstellte uns, mit dem Thema &#8222;Giftgasmunition&#8220; Wahlkampf zu betreiben. Der Verwaltungschef hatte sich derma\u00dfen erregt, dass er unf\u00e4hig war, meine Hinweise auf beh\u00f6rdliche und von Wissenschaftlern best\u00e4tigte Papiere zur Kenntnis zu nehmen. Diese offiziellen Aufzeichnungen h\u00e4tte er \u00fcbrigens auch bei dem verantwortlichen Senator einsehen k\u00f6nnen.<\/p>\n<p>Die FDP fordert, dass der B\u00fcrgermeister sich f\u00fcr seine \u00f6ffentlich erhobenen Anw\u00fcrfe und Beleidigungen auch \u00f6ffentlich entschuldigt.&#8220;<\/p>\n<p>Quelle: FDP L\u00fcbeck <\/p>\n","protected":false},"excerpt":{"rendered":"<p>Auch nach bisher ergebnisloser Suche nach in der L\u00fcbecker Bucht vermuteter und versenkter Giftgastbeh\u00e4lter geht die Partei dieser Sache weiter<\/p>\n","protected":false},"author":292,"featured_media":0,"comment_status":"open","ping_status":"open","sticky":false,"template":"","format":"standard","meta":{"colormag_page_container_layout":"default_layout","colormag_page_sidebar_layout":"default_layout","footnotes":""},"categories":[5],"tags":[],"class_list":["post-5634","post","type-post","status-publish","format-standard","hentry","category-politik-wirtschaft"],"_links":{"self":[{"href":"https:\/\/hier-luebeck.de\/index.php\/wp-json\/wp\/v2\/posts\/5634","targetHints":{"allow":["GET"]}}],"collection":[{"href":"https:\/\/hier-luebeck.de\/index.php\/wp-json\/wp\/v2\/posts"}],"about":[{"href":"https:\/\/hier-luebeck.de\/index.php\/wp-json\/wp\/v2\/types\/post"}],"author":[{"embeddable":true,"href":"https:\/\/hier-luebeck.de\/index.php\/wp-json\/wp\/v2\/users\/292"}],"replies":[{"embeddable":true,"href":"https:\/\/hier-luebeck.de\/index.php\/wp-json\/wp\/v2\/comments?post=5634"}],"version-history":[{"count":0,"href":"https:\/\/hier-luebeck.de\/index.php\/wp-json\/wp\/v2\/posts\/5634\/revisions"}],"wp:attachment":[{"href":"https:\/\/hier-luebeck.de\/index.php\/wp-json\/wp\/v2\/media?parent=5634"}],"wp:term":[{"taxonomy":"category","embeddable":true,"href":"https:\/\/hier-luebeck.de\/index.php\/wp-json\/wp\/v2\/categories?post=5634"},{"taxonomy":"post_tag","embeddable":true,"href":"https:\/\/hier-luebeck.de\/index.php\/wp-json\/wp\/v2\/tags?post=5634"}],"curies":[{"name":"wp","href":"https:\/\/api.w.org\/{rel}","templated":true}]}}