{"id":5636,"date":"2008-03-07T18:08:47","date_gmt":"2008-03-07T18:08:47","guid":{"rendered":"http:\/\/testserver\/wordpress\/?p=5536"},"modified":"2008-03-07T18:08:47","modified_gmt":"2008-03-07T18:08:47","slug":"herzlich_willkommen_zum_frhjahrsfest_im_autohaus_am_funkturm","status":"publish","type":"post","link":"https:\/\/hier-luebeck.de\/index.php\/herzlich_willkommen_zum_frhjahrsfest_im_autohaus_am_funkturm\/","title":{"rendered":"Herzlich willkommen zum Fr\u00fchjahrsfest im Autohaus am Funkturm"},"content":{"rendered":"<p><img decoding=\"async\" title=\"AutoHFunkT-0803\" src=\"http:\/\/www.hier-luebeck.de\/images\/topics\/AutoHFunkT-0803.jpg\" alt=\"AutoHFunkT-0803\" \/><br \/>\nZu sagen, wer das &#8222;Autohaus am Funkturm&#8220; ist, hie\u00dfe, Eulen nach Athen zu tragen. Nun, dass wei\u00df nat\u00fcrlich heute auch nicht jeder. Nein, aber in diese Fall ist ohnehin  Stockelsdorf gemeint, wo das &#8222;Team 08 &#8211; Unser neues Dream-Team! Mehr Ausstattung f\u00fcr weniger Abl\u00f6se&#8220; im Zusammenhang mit der dort seit langem heimatlichen Automarke HYUNDAI zuverl\u00e4ssig, kompetent und freundlich Kundinnen und Kunden, ja gerne auch die, die es werden wollen, ber\u00e4t. Das Fr\u00fchjahrsfest dort ist eine besonders gute Gelegenheit. <\/p>\n<p>Foto: So sieht die Einladung in der L\u00fcbecker Stadtzeitung aus  <!--more-->www.Autohaus-am-Funkturm.de ist die &#8222;moderne&#8220; Adresse, die lokale &#8222;Otto-Hahn-Stra\u00dfe 5&#8220;. Besonders angesagt sind derzeit die Modelle &#8222;Hyandai Getz Team 08, Huyandai Tucson Team und Hyandai Santa Fe Team 08&#8220;. Schauen Sie herein: 10 bis 17 Uhr. Noch Fragen? Gerne Telefon 0451 &#8211; 4988623! Und auf jeden Fall herzlich willkommen!<\/p>\n","protected":false},"excerpt":{"rendered":"<p>Zu sagen, wer das &#8222;Autohaus am Funkturm&#8220; ist, hie\u00dfe, Eulen nach Athen zu tragen. Nun, dass wei\u00df nat\u00fcrlich heute auch<\/p>\n","protected":false},"author":292,"featured_media":0,"comment_status":"open","ping_status":"open","sticky":false,"template":"","format":"standard","meta":{"colormag_page_container_layout":"default_layout","colormag_page_sidebar_layout":"default_layout","footnotes":""},"categories":[13],"tags":[],"class_list":["post-5636","post","type-post","status-publish","format-standard","hentry","category-veranstaltungen"],"_links":{"self":[{"href":"https:\/\/hier-luebeck.de\/index.php\/wp-json\/wp\/v2\/posts\/5636","targetHints":{"allow":["GET"]}}],"collection":[{"href":"https:\/\/hier-luebeck.de\/index.php\/wp-json\/wp\/v2\/posts"}],"about":[{"href":"https:\/\/hier-luebeck.de\/index.php\/wp-json\/wp\/v2\/types\/post"}],"author":[{"embeddable":true,"href":"https:\/\/hier-luebeck.de\/index.php\/wp-json\/wp\/v2\/users\/292"}],"replies":[{"embeddable":true,"href":"https:\/\/hier-luebeck.de\/index.php\/wp-json\/wp\/v2\/comments?post=5636"}],"version-history":[{"count":0,"href":"https:\/\/hier-luebeck.de\/index.php\/wp-json\/wp\/v2\/posts\/5636\/revisions"}],"wp:attachment":[{"href":"https:\/\/hier-luebeck.de\/index.php\/wp-json\/wp\/v2\/media?parent=5636"}],"wp:term":[{"taxonomy":"category","embeddable":true,"href":"https:\/\/hier-luebeck.de\/index.php\/wp-json\/wp\/v2\/categories?post=5636"},{"taxonomy":"post_tag","embeddable":true,"href":"https:\/\/hier-luebeck.de\/index.php\/wp-json\/wp\/v2\/tags?post=5636"}],"curies":[{"name":"wp","href":"https:\/\/api.w.org\/{rel}","templated":true}]}}