{"id":56552,"date":"2012-01-13T15:22:34","date_gmt":"2012-01-13T14:22:34","guid":{"rendered":"http:\/\/www.hier-luebeck.de\/?p=56552"},"modified":"2012-01-13T15:22:34","modified_gmt":"2012-01-13T14:22:34","slug":"einkommensteuerbescheide-fur-2011-kommen-ab-marz-2012","status":"publish","type":"post","link":"https:\/\/hier-luebeck.de\/index.php\/einkommensteuerbescheide-fur-2011-kommen-ab-marz-2012\/","title":{"rendered":"Einkommensteuerbescheide f\u00fcr 2011 kommen ab M\u00e4rz 2012"},"content":{"rendered":"<p>Die Finanz\u00e4mter k\u00f6nnen in diesem Jahr in vielen F\u00e4llen erst ab M\u00e4rz Einkommensteuerbescheide versenden. Darauf hat das Finanzministerium hingewiesen.<!--more--> Grund sind bundesgesetzliche Bestimmungen, die Arbeitgebern, Versicherungen und anderen Institutionen eine Frist bis zum 28. Februar eines Jahres einr\u00e4umen, um die f\u00fcr die Steuerberechnung ben\u00f6tigten Daten wie Lohnsteuerbescheinigungen, Beitragsdaten zur Kranken- und Pflegeversicherung, Altersvorsorge sowie Rentenbezugsmitteilungen an die Finanzverwaltung zu \u00fcbermitteln. Danach k\u00f6nnen die Finanz\u00e4mter mit der Bearbeitung der Steuererkl\u00e4rungen f\u00fcr 2011 beginnen.<\/p>\n","protected":false},"excerpt":{"rendered":"<p>Die Finanz\u00e4mter k\u00f6nnen in diesem Jahr in vielen F\u00e4llen erst ab M\u00e4rz Einkommensteuerbescheide versenden. Darauf hat das Finanzministerium hingewiesen.<\/p>\n","protected":false},"author":3,"featured_media":0,"comment_status":"open","ping_status":"open","sticky":false,"template":"","format":"standard","meta":{"colormag_page_container_layout":"default_layout","colormag_page_sidebar_layout":"default_layout","footnotes":""},"categories":[14],"tags":[2260,2261],"class_list":["post-56552","post","type-post","status-publish","format-standard","hentry","category-tipps-informationen","tag-einkommensteuerbescheide","tag-marz-2012"],"_links":{"self":[{"href":"https:\/\/hier-luebeck.de\/index.php\/wp-json\/wp\/v2\/posts\/56552","targetHints":{"allow":["GET"]}}],"collection":[{"href":"https:\/\/hier-luebeck.de\/index.php\/wp-json\/wp\/v2\/posts"}],"about":[{"href":"https:\/\/hier-luebeck.de\/index.php\/wp-json\/wp\/v2\/types\/post"}],"author":[{"embeddable":true,"href":"https:\/\/hier-luebeck.de\/index.php\/wp-json\/wp\/v2\/users\/3"}],"replies":[{"embeddable":true,"href":"https:\/\/hier-luebeck.de\/index.php\/wp-json\/wp\/v2\/comments?post=56552"}],"version-history":[{"count":0,"href":"https:\/\/hier-luebeck.de\/index.php\/wp-json\/wp\/v2\/posts\/56552\/revisions"}],"wp:attachment":[{"href":"https:\/\/hier-luebeck.de\/index.php\/wp-json\/wp\/v2\/media?parent=56552"}],"wp:term":[{"taxonomy":"category","embeddable":true,"href":"https:\/\/hier-luebeck.de\/index.php\/wp-json\/wp\/v2\/categories?post=56552"},{"taxonomy":"post_tag","embeddable":true,"href":"https:\/\/hier-luebeck.de\/index.php\/wp-json\/wp\/v2\/tags?post=56552"}],"curies":[{"name":"wp","href":"https:\/\/api.w.org\/{rel}","templated":true}]}}