{"id":56894,"date":"2012-01-16T15:37:56","date_gmt":"2012-01-16T15:37:56","guid":{"rendered":"http:\/\/www.hier-luebeck.de\/2012\/01\/pol-rz-herzogtum-lauenburg-geesthachtfestnahme-nach-raub-mit-messer\/"},"modified":"2012-01-16T15:37:56","modified_gmt":"2012-01-16T15:37:56","slug":"pol-rz-herzogtum-lauenburg-geesthachtfestnahme-nach-raub-mit-messer","status":"publish","type":"post","link":"https:\/\/hier-luebeck.de\/index.php\/pol-rz-herzogtum-lauenburg-geesthachtfestnahme-nach-raub-mit-messer\/","title":{"rendered":"POL-RZ: Herzogtum-Lauenburg \/ Geesthacht\nFestnahme nach Raub mit Messer"},"content":{"rendered":"<p>Ratzeburg (ots) &#8211; Am Samstag, 14.01.2012, gegen 21.25 Uhr, konnte  in Geesthacht ein 26-j\u00e4hriger Tatverd\u00e4chtiger noch am Tatort nach  einem Raub mit einem Messer vorl\u00e4ufig festgenommen werden. Dies war  durch das beherzte Eingreifen von zwei Zeugen m\u00f6glich, die den  Tatverd\u00e4chtigen \u00fcberw\u00e4ltigen und bis zum Eintreffen der Polizei  festhalten konnten.<!--more-->     Gegen 21.20 Uhr hatte der 26-j\u00e4hrige Tatverd\u00e4chtige aus Geesthacht den Penny-Markt in der Geesthachter Stra\u00dfe betreten. Er ging auf eine 22-j\u00e4hrige Angestellte des Marktes zu und forderte sie mit den Worten &#8222;Du kommst jetzt mit &#8211; Ich brauche Geld&#8220; auf, zur Kasse zu gehen. Auf dem Weg zur Kasse hielt er der Angestellten ein Messer in den R\u00fccken.     An der Kasse forderte der 26-J\u00e4hrige dann die Herausgabe von Geld, hierbei hielt er der 22-J\u00e4hrigen das Messer an den Hals, um seiner  Forderung Nachdruck zu verleihen. Hierbei erlitt die Angestellte eine oberfl\u00e4chliche Schnittverletzung. Als sich die Lage zuspitze und der  Tatverd\u00e4chtige drohte zuzustechen, wurde ihm durch eine 21-j\u00e4hrige  Kassiererin der Kasseninhalt auf das Laufband geworfen.     Der Tatverd\u00e4chtige lie\u00df von der 22-j\u00e4hrigen Angestellten ab,  ergriff das Geld und wollte fliehen.     In diesem Moment st\u00fcrzte sich ein 47-j\u00e4hriger in Kasachstan  geborener Kunde auf den Fliehenden und \u00fcberw\u00e4ltigte ihn, indem er ihn zu Boden brachte. Ein zweiter Kunde (35 J.) kam zur Hilfe, zusammen  hielten die aus Geesthacht kommenden Kunden den 26-J\u00e4hrigen bis zum  Eintreffen der Polizei fest.     Zwischenzeitlich ist der polizeilich bereist einschl\u00e4gig bekannte  Tatverd\u00e4chtige auf Antrag der Staatsanwaltschaft L\u00fcbeck beim  Amtsgericht in L\u00fcbeck vorgef\u00fchrt worden. Es wurde ein Haftbefehl  gegen den Geesthachter erlassen und er wurde in Untersuchungshaft  genommen.     Die Kriminalpolizei Geesthacht hat die weiteren Ermittlungen  aufgenommen. Weitere Kunden des Penny-Marktes, die den Tathergang  beobachtet haben, werden gebeten sich mit der sachbearbeitenden  Kriminalpolizei in Geesthacht unter der Rufnummer 04152-80030 in  Verbindung zu setzen.     <\/p>\n<p>Quelle: <a href=\"http:\/\/www.presseportal.de\/polizeipresse\/pm\/43735\/2182143\/pol-rz-herzogtum-lauenburg-geesthacht-festnahme-nach-raub-mit-messer\/api\" target=\"_blank\">presseportal.de<\/a><\/p>\n","protected":false},"excerpt":{"rendered":"<p>Ratzeburg (ots) &#8211; Am Samstag, 14.01.2012, gegen 21.25 Uhr, konnte in Geesthacht ein 26-j\u00e4hriger Tatverd\u00e4chtiger noch am Tatort nach einem<\/p>\n","protected":false},"author":3,"featured_media":0,"comment_status":"open","ping_status":"open","sticky":false,"template":"","format":"standard","meta":{"colormag_page_container_layout":"default_layout","colormag_page_sidebar_layout":"default_layout","footnotes":""},"categories":[20],"tags":[],"class_list":["post-56894","post","type-post","status-publish","format-standard","hentry","category-besondere-neuigkeiten"],"_links":{"self":[{"href":"https:\/\/hier-luebeck.de\/index.php\/wp-json\/wp\/v2\/posts\/56894","targetHints":{"allow":["GET"]}}],"collection":[{"href":"https:\/\/hier-luebeck.de\/index.php\/wp-json\/wp\/v2\/posts"}],"about":[{"href":"https:\/\/hier-luebeck.de\/index.php\/wp-json\/wp\/v2\/types\/post"}],"author":[{"embeddable":true,"href":"https:\/\/hier-luebeck.de\/index.php\/wp-json\/wp\/v2\/users\/3"}],"replies":[{"embeddable":true,"href":"https:\/\/hier-luebeck.de\/index.php\/wp-json\/wp\/v2\/comments?post=56894"}],"version-history":[{"count":0,"href":"https:\/\/hier-luebeck.de\/index.php\/wp-json\/wp\/v2\/posts\/56894\/revisions"}],"wp:attachment":[{"href":"https:\/\/hier-luebeck.de\/index.php\/wp-json\/wp\/v2\/media?parent=56894"}],"wp:term":[{"taxonomy":"category","embeddable":true,"href":"https:\/\/hier-luebeck.de\/index.php\/wp-json\/wp\/v2\/categories?post=56894"},{"taxonomy":"post_tag","embeddable":true,"href":"https:\/\/hier-luebeck.de\/index.php\/wp-json\/wp\/v2\/tags?post=56894"}],"curies":[{"name":"wp","href":"https:\/\/api.w.org\/{rel}","templated":true}]}}