{"id":56895,"date":"2012-01-16T14:57:36","date_gmt":"2012-01-16T14:57:36","guid":{"rendered":"http:\/\/www.hier-luebeck.de\/2012\/01\/pol-hl-hl-st-lorenz-nord-lindenplatz-unfall-am-lindenplatz-radfahrerin-verstorben\/"},"modified":"2012-01-16T14:57:36","modified_gmt":"2012-01-16T14:57:36","slug":"pol-hl-hl-st-lorenz-nord-lindenplatz-unfall-am-lindenplatz-radfahrerin-verstorben","status":"publish","type":"post","link":"https:\/\/hier-luebeck.de\/index.php\/pol-hl-hl-st-lorenz-nord-lindenplatz-unfall-am-lindenplatz-radfahrerin-verstorben\/","title":{"rendered":"POL-HL: HL-St. Lorenz Nord-Lindenplatz     \/\nUnfall am Lindenplatz- Radfahrerin verstorben"},"content":{"rendered":"<p>L\u00fcbeck (ots) &#8211; Am Dienstagmorgen, 10. Januar 2012, kam es zu einem Verkehrsunfall am Lindenteller. Dabei wurde eine Radfahrerin  erheblich verletzt.     Gegen 06:50 Uhr wollte ein 38-j\u00e4hriger L\u00fcbecker mit seinem gr\u00fcnen  Opel Astra von der Moislinger Allee in den Lindenteller einfahren.  Offenbar \u00fcbersah er dabei eine 50-j\u00e4hrige L\u00fcbeckerin mit ihrem  Fahrrad.<!--more-->     Dabei kippte das Fahrrad zur Seite w\u00e4hrend die Frau \u00fcber die  Motorhaube rutschte und dann vor dem Fahrzeug auf die Fahrbahn  st\u00fcrzte.     Es bestand der Verdacht, dass sie sich am R\u00fccken verletzt hatte.  So wurde sie in die L\u00fcbecker Uniklinik gebracht. Von dort wurde  mitgeteilt, dass die 50-j\u00e4hrige am  Samstag, 14. Januar 2012, an den  Unfallfolgen verstarb.     <\/p>\n<p>Quelle: <a href=\"http:\/\/www.presseportal.de\/polizeipresse\/pm\/43738\/2182078\/pol-hl-hl-st-lorenz-nord-lindenplatz-unfall-am-lindenplatz-radfahrerin-verstorben\/api\" target=\"_blank\">presseportal.de<\/a><\/p>\n","protected":false},"excerpt":{"rendered":"<p>L\u00fcbeck (ots) &#8211; Am Dienstagmorgen, 10. Januar 2012, kam es zu einem Verkehrsunfall am Lindenteller. Dabei wurde eine Radfahrerin erheblich<\/p>\n","protected":false},"author":3,"featured_media":0,"comment_status":"open","ping_status":"open","sticky":false,"template":"","format":"standard","meta":{"colormag_page_container_layout":"default_layout","colormag_page_sidebar_layout":"default_layout","footnotes":""},"categories":[20],"tags":[],"class_list":["post-56895","post","type-post","status-publish","format-standard","hentry","category-besondere-neuigkeiten"],"_links":{"self":[{"href":"https:\/\/hier-luebeck.de\/index.php\/wp-json\/wp\/v2\/posts\/56895","targetHints":{"allow":["GET"]}}],"collection":[{"href":"https:\/\/hier-luebeck.de\/index.php\/wp-json\/wp\/v2\/posts"}],"about":[{"href":"https:\/\/hier-luebeck.de\/index.php\/wp-json\/wp\/v2\/types\/post"}],"author":[{"embeddable":true,"href":"https:\/\/hier-luebeck.de\/index.php\/wp-json\/wp\/v2\/users\/3"}],"replies":[{"embeddable":true,"href":"https:\/\/hier-luebeck.de\/index.php\/wp-json\/wp\/v2\/comments?post=56895"}],"version-history":[{"count":0,"href":"https:\/\/hier-luebeck.de\/index.php\/wp-json\/wp\/v2\/posts\/56895\/revisions"}],"wp:attachment":[{"href":"https:\/\/hier-luebeck.de\/index.php\/wp-json\/wp\/v2\/media?parent=56895"}],"wp:term":[{"taxonomy":"category","embeddable":true,"href":"https:\/\/hier-luebeck.de\/index.php\/wp-json\/wp\/v2\/categories?post=56895"},{"taxonomy":"post_tag","embeddable":true,"href":"https:\/\/hier-luebeck.de\/index.php\/wp-json\/wp\/v2\/tags?post=56895"}],"curies":[{"name":"wp","href":"https:\/\/api.w.org\/{rel}","templated":true}]}}