{"id":57232,"date":"2012-01-19T10:46:02","date_gmt":"2012-01-19T09:46:02","guid":{"rendered":"http:\/\/www.hier-luebeck.de\/?p=57232"},"modified":"2012-01-19T11:48:15","modified_gmt":"2012-01-19T10:48:15","slug":"eiszauber-auf-dem-lubecker-markt-wird-toll-angenommen","status":"publish","type":"post","link":"https:\/\/hier-luebeck.de\/index.php\/eiszauber-auf-dem-lubecker-markt-wird-toll-angenommen\/","title":{"rendered":"Eiszauber auf dem L\u00fcbecker Markt wird toll angenommen"},"content":{"rendered":"<p><strong><a href=\"http:\/\/www.hier-luebeck.de\/2012\/01\/eiszauber-auf-dem-lubecker-markt-wird-toll-angenommen\/tbf140112_eiszauber_eisbahn_markt_freywald_0008\/\" rel=\"attachment wp-att-57235\"><img loading=\"lazy\" decoding=\"async\" class=\"alignleft size-medium wp-image-57235\" title=\"tbf140112_Eiszauber_Eisbahn_Markt_Freywald_0008\" src=\"http:\/\/www.hier-luebeck.de\/wp-content\/uploads\/2012\/01\/tbf140112_Eiszauber_Eisbahn_Markt_Freywald_0008-320x240.jpg\" alt=\"\" width=\"320\" height=\"240\" srcset=\"https:\/\/hier-luebeck.de\/wp-content\/uploads\/2012\/01\/tbf140112_Eiszauber_Eisbahn_Markt_Freywald_0008-320x240.jpg 320w, https:\/\/hier-luebeck.de\/wp-content\/uploads\/2012\/01\/tbf140112_Eiszauber_Eisbahn_Markt_Freywald_0008-426x319.jpg 426w, https:\/\/hier-luebeck.de\/wp-content\/uploads\/2012\/01\/tbf140112_Eiszauber_Eisbahn_Markt_Freywald_0008.jpg 520w\" sizes=\"auto, (max-width: 320px) 100vw, 320px\" \/><\/a><\/strong><\/p>\n<p><a href=\"http:\/\/www.tbf-presseagentur.de\/cgi-bin\/thumbpage\/thumbpage.cgi?luebeck\/today\/01Januar12\/bilder\/Eiszauber2012\" target=\"_blank\"><strong><span style=\"color: red;\">\u201cZum Bilderbogen\u201d <\/span><\/strong><\/a><strong><strong><strong><strong><\/strong><\/strong><\/strong><\/strong><\/p>\n<p>Fotos: TBF\/Wolfgang Freywald &#8211; Heute vor einer woche ging es um 16 Uhr los: der \u201eStadtwerke L\u00fcbeck Eiszauber\u201c auf dem Markt wurde offiziell von L\u00fcbecks Stadtpr\u00e4sidentin Gabriele Schopenhauer er\u00f6ffnet! Die 700 Quadratmeter gro\u00dfe Eisbahn, die durch die gro\u00dfz\u00fcgige Unterst\u00fctzung der Stadtwerke L\u00fcbeck GmbH als Titelsponsor und der Sparkasse zu L\u00fcbeck als Hauptsponsor bereits zum zweiten Mal realisiert werden konnte, bietet t\u00e4glich bis zum 26. Februar ein attraktives Eisvergn\u00fcgen vor der historischen Kulisse des Rathauses. <!--more-->Sie verwandelt den Markt in ein stimmungsvolles Openair-Eisstadion und bietet sechs Wochen lang mitten im Weltkulturerbe eine Winterattraktion f\u00fcr die L\u00fcbecker B\u00fcrger und G\u00e4ste aus der Region.<\/p>\n<p>\u00d6ffnungszeiten der Eisbahn vom 13. Januar bis 26. Februar 2012: t\u00e4glich 10 bis 21 Uhr, Freitag und Samstag 10 bis 22 Uhr.<\/p>\n<p>F\u00fcr angemeldete Schulklassen ist die Eisbahn von Montag bis Freitag ab 8 Uhr reserviert, Anmeldung unter Tel. 01578-7610715. Eintrittspreise: Erwachsene 3,00 Euro p.P., Kinder 2,50 Euro p.P. Leihschlittschuhe: 3,00 Euro.<\/p>\n<p>Die Eisbahn ist eine Veranstaltung der L\u00fcbeck und Travem\u00fcnde Marketing GmbH in Kooperation mit der Firma Interevent H &amp; S GmbH. Titelsponsor sind die Stadtwerke L\u00fcbeck GmbH, Hauptsponsor ist die Sparkasse zu L\u00fcbeck.<\/p>\n<p>Weitere Infos \u00fcber die Hotline der L\u00fcbeck und Travem\u00fcnde Marketing GmbH, Tel. 0451-88 99 700, Internet: www.luebeck-tourismus.de und www.sw-luebeck.de .<\/p>\n","protected":false},"excerpt":{"rendered":"<p>\u201cZum Bilderbogen\u201d Fotos: TBF\/Wolfgang Freywald &#8211; Heute vor einer woche ging es um 16 Uhr los: der \u201eStadtwerke L\u00fcbeck Eiszauber\u201c<\/p>\n","protected":false},"author":3,"featured_media":0,"comment_status":"open","ping_status":"open","sticky":false,"template":"","format":"standard","meta":{"colormag_page_container_layout":"default_layout","colormag_page_sidebar_layout":"default_layout","footnotes":""},"categories":[20],"tags":[1941,1064],"class_list":["post-57232","post","type-post","status-publish","format-standard","hentry","category-besondere-neuigkeiten","tag-eiszauber","tag-markt"],"_links":{"self":[{"href":"https:\/\/hier-luebeck.de\/index.php\/wp-json\/wp\/v2\/posts\/57232","targetHints":{"allow":["GET"]}}],"collection":[{"href":"https:\/\/hier-luebeck.de\/index.php\/wp-json\/wp\/v2\/posts"}],"about":[{"href":"https:\/\/hier-luebeck.de\/index.php\/wp-json\/wp\/v2\/types\/post"}],"author":[{"embeddable":true,"href":"https:\/\/hier-luebeck.de\/index.php\/wp-json\/wp\/v2\/users\/3"}],"replies":[{"embeddable":true,"href":"https:\/\/hier-luebeck.de\/index.php\/wp-json\/wp\/v2\/comments?post=57232"}],"version-history":[{"count":0,"href":"https:\/\/hier-luebeck.de\/index.php\/wp-json\/wp\/v2\/posts\/57232\/revisions"}],"wp:attachment":[{"href":"https:\/\/hier-luebeck.de\/index.php\/wp-json\/wp\/v2\/media?parent=57232"}],"wp:term":[{"taxonomy":"category","embeddable":true,"href":"https:\/\/hier-luebeck.de\/index.php\/wp-json\/wp\/v2\/categories?post=57232"},{"taxonomy":"post_tag","embeddable":true,"href":"https:\/\/hier-luebeck.de\/index.php\/wp-json\/wp\/v2\/tags?post=57232"}],"curies":[{"name":"wp","href":"https:\/\/api.w.org\/{rel}","templated":true}]}}