{"id":57243,"date":"2012-01-19T11:01:26","date_gmt":"2012-01-19T10:01:26","guid":{"rendered":"http:\/\/www.hier-luebeck.de\/?p=57243"},"modified":"2012-01-19T11:01:26","modified_gmt":"2012-01-19T10:01:26","slug":"eltern-infoabende-der-weiterfuhrenden-lubecker-schulen","status":"publish","type":"post","link":"https:\/\/hier-luebeck.de\/index.php\/eltern-infoabende-der-weiterfuhrenden-lubecker-schulen\/","title":{"rendered":"Eltern-Infoabende der weiterf\u00fchrenden L\u00fcbecker Schulen"},"content":{"rendered":"<p>F\u00fcr die Anmeldung der Kinder sollen die Eltern alle n\u00f6tigen Unterlagen mitbringen<\/p>\n<p>Die Schulen der Hansestadt L\u00fcbeck f\u00fchren auch in diesem Jahr Informationsveranstaltungen f\u00fcr Eltern durch, bei denen sich die weiterf\u00fchrenden Schulen vorstellen.<!--more--> Laut Runderlass des Ministeriums f\u00fcr Bildung und Kultur des Landes Schleswig-Holstein k\u00f6nnen Kinder in den weiterf\u00fchrenden Schulen f\u00fcr das Schuljahr 2012\/13 grunds\u00e4tzlich im Zeitraum vom 05. bis 12. M\u00e4rz 2012 angemeldet werden. Die weiterf\u00fchrenden Schulen w\u00e4ren jedoch \u2013 unter anderem weil die Sekretariate nicht st\u00e4ndig besetzt sind &#8211; dankbar, wenn die nachstehend genannten Schwerpunkttermine von den Eltern wahrgenommen w\u00fcrden:<\/p>\n<p>Wichtiger Hinweis:<\/p>\n<p>Streben die Eltern f\u00fcr ihr Kind eine von der Schul\u00fcbergangsempfehlung abweichende Schulart an, k\u00f6nnen sie sich individuell durch die weiterf\u00fchrenden allgemein bildenden Schulen beraten lassen. Die Schulen erm\u00f6glichen auf Wunsch der Eltern eine individuelle Beratung bis zum 12. M\u00e4rz 2012. Die Teilnahme des Kindes an dieser Beratung wird empfohlen.<\/p>\n<p>Die Eltern, deren Kinder eine Regionalschule bzw. Gemeinschaftsschule besuchen werden, weise ich darauf hin, dass auch hier eine Anmeldung erfolgen muss, selbst wenn die Kinder in ihrer derzeit besuchten Grund- und Regionalschule beziehungsweise Grund- Gemeinschaftsschule bleiben werden, da auch die Regional- und Gemeinschaftsschulen frei w\u00e4hlbar sind.<\/p>\n<p>Zur Anmeldung mitzubringen sind grunds\u00e4tzlich<\/p>\n<p>die Geburtsurkunde\/Personalausweis<br \/>\neine Fotokopie des letzten Zeugnisses<br \/>\nSchul\u00fcbergangsempfehlung<br \/>\nfalls vorhanden Lernplan bzw. Legasthenienachweis<\/p>\n<p>Die Informationsabende im Jahr 2012 finden an folgenden Tagen statt:<br \/>\nSchulen in alphabetischer Reihenfolge:<br \/>\nGrund- und Regionalschulen<br \/>\nAnna \u2013 Siemsen und<br \/>\nJohannes \u2013 Kepler Schule<\/p>\n<p>Dienstag, 21. Februar, 18.30 Uhr, Mensa in der Dieselstra\u00dfe<br \/>\nGotthard \u2013 K\u00fchl &#8211; Schule<\/p>\n<p>Montag, 13. Februar, 18 Uhr, Musikraum<br \/>\nSchule am Meer<\/p>\n<p>Mittwoch, 22. Februar, 18 Uhr, Mensa<\/p>\n<p>Grund- und Gemeinschaftsschulen<br \/>\nAlbert-Schweitzer-Schule<\/p>\n<p>Donnerstag, 23. Februar, 18 Uhr, Musikraum<br \/>\nBaltic &#8211; Schule<br \/>\n(mit gymnasialer Oberstufe)<\/p>\n<p>Dienstag, 14. Februar, 18 Uhr<br \/>\nHeinrich \u2013 Mann &#8211; Schule<\/p>\n<p>Donnerstag, 1. M\u00e4rz, 19 Uhr, Eingangshalle<br \/>\nJulius \u2013 Leber &#8211; Schule<br \/>\nMarquardplatz und Au\u00dfenstelle Brockesstra\u00dfe<\/p>\n<p>Dienstag, 14. Februar, 18 Uhr Tag der offenen T\u00fcr, Marquardplatz<br \/>\n19 Uhr, Infoabend, Aula, Marquardplatz<br \/>\nGrund- und Gemeinschaftsschule St. J\u00fcrgen<\/p>\n<p>Montag, 13. Februar, 17 Uhr offene Schule; 18 Uhr Infoabend, M\u00f6nkhofer Weg<br \/>\nSchule Tremser Teich<\/p>\n<p>Dienstag, 21. Februar, 18 Uhr, Info Mensa, Schule in Aktion<br \/>\nWilly \u2013 Brandt &#8211; Schule<\/p>\n<p>Montag, 27. Februar, 18 Uhr, Beim Meilenstein<br \/>\nGrund- und Gemeinschaftsschule Stecknitz (Kreis RZ)<\/p>\n<p>Mittwoch, 22. Februar, 19 Uhr, Aula Krummesse<br \/>\nSonnabend, 18. Februar, 10 \u2013 14 Uhr, Krummesse und Sonnabend, 25. Februar, 10 &#8211; 14 Uhr, Berkenthien, Tag der offenen T\u00fcr<\/p>\n<p>Gemeinschaftsschulen<\/p>\n<p>Emanuel \u2013 Geibel &#8211; Gemeinschaftsschule<\/p>\n<p>Dienstag, 28. Februar, 18 Uhr, Aula<br \/>\nGeschwister \u2013 Prenski &#8211; Schule<br \/>\n(mit gymnasialer Oberstufe)<\/p>\n<p>Sonnabend, 18. Februar, 9 bis 12 Uhr<br \/>\nHolstentor- Gemeinschaftsschule<\/p>\n<p>Dienstag, 21. Februar, 19 Uhr<br \/>\nTrave &#8211; Gemeinschaftsschule<\/p>\n<p>Montag, 20. Februar, 18 Uhr<\/p>\n<p>Gymnasien<br \/>\nCarl \u2013 Jacob \u2013 Burckhardt Gymnasium<\/p>\n<p>Montag, 13. Februar, 19 Uhr, Aula<br \/>\nDienstag, 28. Februar, 19 Uhr, Streicherklasse, Musiksaal<br \/>\nErnestinenschule<\/p>\n<p>Montag, 20. Februar, 16 bis 19 Uhr<br \/>\nJohanneum zu L\u00fcbeck<\/p>\n<p>Samstag, 18. Februar, 10 bis 12.30Uhr<\/p>\n<p>Katharineum zu L\u00fcbeck<\/p>\n<p>Donnerstag, 23. Februar, 19 Uhr<br \/>\nSonnabend, 25. Februar, 11 Uhr, ( ausschlie\u00dflich Sonderzweig Latein als 1. Fremdsprache)<br \/>\nOberschule zum Dom<\/p>\n<p>Freitag, 24. Februar, 16 bis 19 Uhr,<br \/>\nSonnabend, 25. Februar, 9 bis 11 Uhr, (ausschlie\u00dflich Sonderzweig Franz\u00f6sisch als 1. Fremdsprache)<br \/>\nThomas-Mann-Schule<\/p>\n<p>Freitag, 10. Februar, 15 Uhr<br \/>\nTrave-Gymnasium<\/p>\n<p>Dienstag, 14. Februar, 18 Uhr<\/p>\n<p>Eine \u00dcbersicht \u00fcber die individuellen Beratungstermine und Anmeldungszeiten finden Sie auf einer eigenen Internetseite unter folgender Adresse: http:\/\/www.luebeck.de\/aktuelles\/presse\/pressedienst\/view\/1000??L\/<\/p>\n","protected":false},"excerpt":{"rendered":"<p>F\u00fcr die Anmeldung der Kinder sollen die Eltern alle n\u00f6tigen Unterlagen mitbringen Die Schulen der Hansestadt L\u00fcbeck f\u00fchren auch in<\/p>\n","protected":false},"author":3,"featured_media":0,"comment_status":"open","ping_status":"open","sticky":false,"template":"","format":"standard","meta":{"colormag_page_container_layout":"default_layout","colormag_page_sidebar_layout":"default_layout","footnotes":""},"categories":[14],"tags":[2452,2453],"class_list":["post-57243","post","type-post","status-publish","format-standard","hentry","category-tipps-informationen","tag-eltern-infoabend","tag-lubecker-schulen"],"_links":{"self":[{"href":"https:\/\/hier-luebeck.de\/index.php\/wp-json\/wp\/v2\/posts\/57243","targetHints":{"allow":["GET"]}}],"collection":[{"href":"https:\/\/hier-luebeck.de\/index.php\/wp-json\/wp\/v2\/posts"}],"about":[{"href":"https:\/\/hier-luebeck.de\/index.php\/wp-json\/wp\/v2\/types\/post"}],"author":[{"embeddable":true,"href":"https:\/\/hier-luebeck.de\/index.php\/wp-json\/wp\/v2\/users\/3"}],"replies":[{"embeddable":true,"href":"https:\/\/hier-luebeck.de\/index.php\/wp-json\/wp\/v2\/comments?post=57243"}],"version-history":[{"count":0,"href":"https:\/\/hier-luebeck.de\/index.php\/wp-json\/wp\/v2\/posts\/57243\/revisions"}],"wp:attachment":[{"href":"https:\/\/hier-luebeck.de\/index.php\/wp-json\/wp\/v2\/media?parent=57243"}],"wp:term":[{"taxonomy":"category","embeddable":true,"href":"https:\/\/hier-luebeck.de\/index.php\/wp-json\/wp\/v2\/categories?post=57243"},{"taxonomy":"post_tag","embeddable":true,"href":"https:\/\/hier-luebeck.de\/index.php\/wp-json\/wp\/v2\/tags?post=57243"}],"curies":[{"name":"wp","href":"https:\/\/api.w.org\/{rel}","templated":true}]}}