{"id":57272,"date":"2012-01-19T11:19:28","date_gmt":"2012-01-19T11:19:28","guid":{"rendered":"http:\/\/www.hier-luebeck.de\/2012\/01\/pol-rz-stormarn-bab-a-1brennender-sattelanhanger-auf-der-autobahn-a-1\/"},"modified":"2012-01-19T11:19:28","modified_gmt":"2012-01-19T11:19:28","slug":"pol-rz-stormarn-bab-a-1brennender-sattelanhanger-auf-der-autobahn-a-1","status":"publish","type":"post","link":"https:\/\/hier-luebeck.de\/index.php\/pol-rz-stormarn-bab-a-1brennender-sattelanhanger-auf-der-autobahn-a-1\/","title":{"rendered":"POL-RZ: Stormarn \/ BAB A 1\nBrennender Sattelanh\u00e4nger auf der Autobahn A 1"},"content":{"rendered":"<p>Ratzeburg (ots) &#8211; Am fr\u00fchen Morgen, gegen 05.35 Uhr, wurde \u00fcber  Notruf gemeldet, dass auf der Autobahn A 1 zwischen Stapelfeld und  Barsb\u00fcttel in Richtung Hamburg ein Sattelzug stehen w\u00fcrde, bei dem  die Hinterachse des Aufliegers brennt.<!--more-->     Als die Beamten des Autobahnrevieres Bad Oldesloe am Einsatzort  ankamen, hatte der Fahrer die Sattelzugmaschine bereits abgekoppelt  und aus dem Gefahrenbereich gefahren. Der Anh\u00e4nger selbst brannte  schnell in voller Ausdehnung. Die Ladung bestand aus 23 Gro\u00dfrollen  Kunststoff mit einem Gewicht von 23 t. Durch die Hitzeeinwirkung  schmolz der Kunststoff und lief teilweise auf die Fahrbahn.     Der Fahrer wurde leicht verletzt und wurde durch den alarmierten  Rettungsdienst zur \u00e4rztlichen Behandlung in ein Krankenhaus gefahren.     Die L\u00f6scharbeiten dauerten bis ca. 06.30 Uhr. F\u00fcr die Zeitspanne  der Ma\u00dfnahmen an der Brandstelle wurde die Autobahn f\u00fcr den Verkehr  voll gesperrt.     Derzeit laufen die Bergungsarbeiten des ausgebrannten  Sattelaufliegers, es ist mit Behinderungen zu rechnen, da der  Fahrzeugverkehr \u00fcber den linken Fahrstreifen einspurig am Einsatzort  vorbeigef\u00fchrt wird. Es wird damit gerechnet, dass die Bergung den  gesamten Tag andauert. Es kann nicht gesagt werden, ob alle  Fahrstreifen wieder f\u00fcr den Verkehr freigegeben werden k\u00f6nnen, da die Fahrbahndecke durch den geschmolzenen Kunststoff in Mitleidenschaft  gezogen wurde.     Zur Ursache des Brandes k\u00f6nnen noch keine Angaben gemacht werden.     <\/p>\n<p>Quelle: <a href=\"http:\/\/www.presseportal.de\/polizeipresse\/pm\/43735\/2183865\/pol-rz-stormarn-bab-a-1-brennender-sattelanhaenger-auf-der-autobahn-a-1\/api\" target=\"_blank\">presseportal.de<\/a><\/p>\n","protected":false},"excerpt":{"rendered":"<p>Ratzeburg (ots) &#8211; Am fr\u00fchen Morgen, gegen 05.35 Uhr, wurde \u00fcber Notruf gemeldet, dass auf der Autobahn A 1 zwischen<\/p>\n","protected":false},"author":3,"featured_media":0,"comment_status":"open","ping_status":"open","sticky":false,"template":"","format":"standard","meta":{"colormag_page_container_layout":"default_layout","colormag_page_sidebar_layout":"default_layout","footnotes":""},"categories":[20],"tags":[],"class_list":["post-57272","post","type-post","status-publish","format-standard","hentry","category-besondere-neuigkeiten"],"_links":{"self":[{"href":"https:\/\/hier-luebeck.de\/index.php\/wp-json\/wp\/v2\/posts\/57272","targetHints":{"allow":["GET"]}}],"collection":[{"href":"https:\/\/hier-luebeck.de\/index.php\/wp-json\/wp\/v2\/posts"}],"about":[{"href":"https:\/\/hier-luebeck.de\/index.php\/wp-json\/wp\/v2\/types\/post"}],"author":[{"embeddable":true,"href":"https:\/\/hier-luebeck.de\/index.php\/wp-json\/wp\/v2\/users\/3"}],"replies":[{"embeddable":true,"href":"https:\/\/hier-luebeck.de\/index.php\/wp-json\/wp\/v2\/comments?post=57272"}],"version-history":[{"count":0,"href":"https:\/\/hier-luebeck.de\/index.php\/wp-json\/wp\/v2\/posts\/57272\/revisions"}],"wp:attachment":[{"href":"https:\/\/hier-luebeck.de\/index.php\/wp-json\/wp\/v2\/media?parent=57272"}],"wp:term":[{"taxonomy":"category","embeddable":true,"href":"https:\/\/hier-luebeck.de\/index.php\/wp-json\/wp\/v2\/categories?post=57272"},{"taxonomy":"post_tag","embeddable":true,"href":"https:\/\/hier-luebeck.de\/index.php\/wp-json\/wp\/v2\/tags?post=57272"}],"curies":[{"name":"wp","href":"https:\/\/api.w.org\/{rel}","templated":true}]}}