{"id":57428,"date":"2012-01-20T12:50:34","date_gmt":"2012-01-20T12:50:34","guid":{"rendered":"http:\/\/www.hier-luebeck.de\/2012\/01\/pol-hl-hl-innenstadt-zeugen-nach-raub-auf-kinder-gesucht-2\/"},"modified":"2012-01-20T18:57:34","modified_gmt":"2012-01-20T17:57:34","slug":"pol-hl-hl-innenstadt-zeugen-nach-raub-auf-kinder-gesucht-2","status":"publish","type":"post","link":"https:\/\/hier-luebeck.de\/index.php\/pol-hl-hl-innenstadt-zeugen-nach-raub-auf-kinder-gesucht-2\/","title":{"rendered":"POL-HL: HL &#8211; Verkehrsunfall auf der BAB1 mit schwerverletzter Person"},"content":{"rendered":"<p>L\u00fcbeck (ots) &#8211; Am Morgen des 20. Januar 2012 ist es auf der BAB 1 zu einem Verkehrsunfall mit einer schwer verletzten Person gekommen. Gegen 05.00 Uhr befuhr eine 67-j\u00e4hrige Gr\u00f6mitzerin mit ihrem Mercedes Benz den linken Fahrstreifen der Autobahn in Richtung Hamburg. Die Fahrbahn war aufgrund von Scheefalls zum Teil sehr glatt.<!--more--> Zwischen den Abfahrten Moisling und Genin verlor die Fahrzeugf\u00fchrerin vermutlich aufgrund nicht angepasster Geschwindigkeit die Kontrolle \u00fcber ihr E-Klasse-Fahrzeug und geriet auf den rechten Gr\u00fcnstreifen. Das Auto \u00fcberschlug sich und blieb auf dem Dach liegen. Die Frau war eingeklemmt und konnte erst nach zirka 30 Minuten von der Berufsfeuerwehr L\u00fcbeck aus dem Fahrzeug herausgeschnitten werden. Nach not\u00e4rztlicher Behandlung wurde sie zum UK S-H L\u00fcbeck gebracht. Die Gr\u00f6mitzerin ist schwer verletzt, Lebensgefahr besteht nicht. Es ist ein Schaden von zirka 30.000 Euro entstanden. Der rechte Fahrstreifen war f\u00fcr 45 Minuten gesperrt, es kam zu keinen Verkehrsbehinderungen. Die Polizei weist daraufhin hin, dass gerade bei Temperaturen um den Gefrierpunkt immer die Gefahr von Stra\u00dfengl\u00e4tte besteht. Eine angepasste verlangsamte Fahrweise ist unbedingt erforderlich.<\/p>\n<p>Quelle: <a href=\"http:\/\/www.presseportal.de\/polizeipresse\/pm\/43738\/2184666\/pol-hl-hl-innenstadt-zeugen-nach-raub-auf-kinder-gesucht\/api\" target=\"_blank\">presseportal.de<\/a><\/p>\n","protected":false},"excerpt":{"rendered":"<p>L\u00fcbeck (ots) &#8211; Am Morgen des 20. Januar 2012 ist es auf der BAB 1 zu einem Verkehrsunfall mit einer<\/p>\n","protected":false},"author":3,"featured_media":0,"comment_status":"open","ping_status":"open","sticky":false,"template":"","format":"standard","meta":{"colormag_page_container_layout":"default_layout","colormag_page_sidebar_layout":"default_layout","footnotes":""},"categories":[20],"tags":[],"class_list":["post-57428","post","type-post","status-publish","format-standard","hentry","category-besondere-neuigkeiten"],"_links":{"self":[{"href":"https:\/\/hier-luebeck.de\/index.php\/wp-json\/wp\/v2\/posts\/57428","targetHints":{"allow":["GET"]}}],"collection":[{"href":"https:\/\/hier-luebeck.de\/index.php\/wp-json\/wp\/v2\/posts"}],"about":[{"href":"https:\/\/hier-luebeck.de\/index.php\/wp-json\/wp\/v2\/types\/post"}],"author":[{"embeddable":true,"href":"https:\/\/hier-luebeck.de\/index.php\/wp-json\/wp\/v2\/users\/3"}],"replies":[{"embeddable":true,"href":"https:\/\/hier-luebeck.de\/index.php\/wp-json\/wp\/v2\/comments?post=57428"}],"version-history":[{"count":0,"href":"https:\/\/hier-luebeck.de\/index.php\/wp-json\/wp\/v2\/posts\/57428\/revisions"}],"wp:attachment":[{"href":"https:\/\/hier-luebeck.de\/index.php\/wp-json\/wp\/v2\/media?parent=57428"}],"wp:term":[{"taxonomy":"category","embeddable":true,"href":"https:\/\/hier-luebeck.de\/index.php\/wp-json\/wp\/v2\/categories?post=57428"},{"taxonomy":"post_tag","embeddable":true,"href":"https:\/\/hier-luebeck.de\/index.php\/wp-json\/wp\/v2\/tags?post=57428"}],"curies":[{"name":"wp","href":"https:\/\/api.w.org\/{rel}","templated":true}]}}