{"id":58305,"date":"2012-01-27T11:23:03","date_gmt":"2012-01-27T10:23:03","guid":{"rendered":"http:\/\/www.hier-luebeck.de\/?p=58305"},"modified":"2012-01-27T11:23:03","modified_gmt":"2012-01-27T10:23:03","slug":"rathausempfange-fur-lubecks-70jahrige","status":"publish","type":"post","link":"https:\/\/hier-luebeck.de\/index.php\/rathausempfange-fur-lubecks-70jahrige\/","title":{"rendered":"Rathausempf\u00e4nge f\u00fcr L\u00fcbecks 70j\u00e4hrige"},"content":{"rendered":"<p>Stadtpr\u00e4sidentin und B\u00fcrgermeister begr\u00fc\u00dfen Mitb\u00fcrgerinnen und Mitb\u00fcrger<\/p>\n<p>F\u00fcr L\u00fcbecker B\u00fcrgerinnen und B\u00fcrger, die 2012 siebzig Jahre alt werden, finden auch in diesem Jahr Rathausempf\u00e4nge mit anschlie\u00dfender F\u00fchrung durch die historischen R\u00e4ume des Rathauses statt. <!--more-->Diese Empf\u00e4nge werden bereits zum 34. Mal angeboten! Sozialsenator Sven Schindler l\u00e4dt daher die Mitb\u00fcrgerinnen und Mitb\u00fcrger des Jahrgangs 1942 zu drei Terminen herzlich ein. Durch die Teilnahme von Stadtpr\u00e4sidentin Gabriele Schopenhauer (15. M\u00e4rz) und B\u00fcrgermeister Bernd Saxe (13. und 20. M\u00e4rz) wird die besondere Bedeutung, die die Hansestadt L\u00fcbeck dieser traditionellen Veranstaltung beimisst, wiederum deutlich.<\/p>\n<p>Die Empf\u00e4nge beginnen jeweils um 11 Uhr im Rathaus. Ein Rathausempfang f\u00fcr \u00e4ltere Mitb\u00fcrgerinnen und Mitb\u00fcrger wurde erstmals im Rahmen der \u201eWoche der \u00e4lteren Generation\u201c im April 1977 durchgef\u00fchrt. Aufgrund der gro\u00dfen Resonanz hat der Fachbereich Wirtschaft und Soziales dann diese Empf\u00e4nge als Zeichen der Verbundenheit der Hansestadt L\u00fcbeck mit ihren Seniorinnen und Senioren seit 1979 zu einer festen Einrichtung werden lassen. Der Rathausempfang erfreut sich bei den \u00e4lteren Mitb\u00fcrgerinnen und Mitb\u00fcrgern gro\u00dfer Beliebtheit. Die Empf\u00e4nge finden in Anwesenheit weiterer Kommunalpolitikerinnen und Kommunalpolitiker im Audienzsaal statt.<\/p>\n<p>Die w\u00e4hrend der Rathausempf\u00e4nge gef\u00fchrten zwanglosen pers\u00f6nlichen Gespr\u00e4che der \u00e4lteren Mitb\u00fcrgerinnen und Mitb\u00fcrger mit Kommunalpolitikerinnen und Kommunalpolitikern aller Fraktionen tragen dazu bei, dass die \u00e4ltere Generation eine zus\u00e4tzliche Gelegenheit erh\u00e4lt, am \u00f6ffentlichen Leben L\u00fcbecks teilzunehmen und sich f\u00fcr die aktuellen Herausforderungen der Stadt zu interessieren.<\/p>\n<p>Der Bund der Schwerh\u00f6rigen und Ertaubten e.V. L\u00fcbeck stellt f\u00fcr alle drei Termine eine H\u00f6ranlage zur Verf\u00fcgung. Die H\u00f6rger\u00e4tetr\u00e4ger werden gebeten, ihre H\u00f6rger\u00e4te auf Induktion zu stellen.<\/p>\n<p>Die Organisation liegt beim Bereich Soziale Sicherung, der den Mitb\u00fcrgerinnen und Mitb\u00fcrgern des Jahrgangs 1942 anbietet, sich ab 30. Januar 2012 telefonisch (\uf028 122-4454) f\u00fcr einen der Empf\u00e4nge anzumelden (solange der Vorrat reicht, da die Anzahl der Karten begrenzt ist). Der Bereich Soziale Sicherung weist darauf hin, dass ohne eine Karte aus Platzgr\u00fcnden niemand an diesen Empf\u00e4ngen teilnehmen kann.<\/p>\n","protected":false},"excerpt":{"rendered":"<p>Stadtpr\u00e4sidentin und B\u00fcrgermeister begr\u00fc\u00dfen Mitb\u00fcrgerinnen und Mitb\u00fcrger F\u00fcr L\u00fcbecker B\u00fcrgerinnen und B\u00fcrger, die 2012 siebzig Jahre alt werden, finden auch<\/p>\n","protected":false},"author":3,"featured_media":0,"comment_status":"open","ping_status":"open","sticky":false,"template":"","format":"standard","meta":{"colormag_page_container_layout":"default_layout","colormag_page_sidebar_layout":"default_layout","footnotes":""},"categories":[20],"tags":[2752,1704,2751],"class_list":["post-58305","post","type-post","status-publish","format-standard","hentry","category-besondere-neuigkeiten","tag-70jahrige","tag-lubecks","tag-rathausempfange"],"_links":{"self":[{"href":"https:\/\/hier-luebeck.de\/index.php\/wp-json\/wp\/v2\/posts\/58305","targetHints":{"allow":["GET"]}}],"collection":[{"href":"https:\/\/hier-luebeck.de\/index.php\/wp-json\/wp\/v2\/posts"}],"about":[{"href":"https:\/\/hier-luebeck.de\/index.php\/wp-json\/wp\/v2\/types\/post"}],"author":[{"embeddable":true,"href":"https:\/\/hier-luebeck.de\/index.php\/wp-json\/wp\/v2\/users\/3"}],"replies":[{"embeddable":true,"href":"https:\/\/hier-luebeck.de\/index.php\/wp-json\/wp\/v2\/comments?post=58305"}],"version-history":[{"count":0,"href":"https:\/\/hier-luebeck.de\/index.php\/wp-json\/wp\/v2\/posts\/58305\/revisions"}],"wp:attachment":[{"href":"https:\/\/hier-luebeck.de\/index.php\/wp-json\/wp\/v2\/media?parent=58305"}],"wp:term":[{"taxonomy":"category","embeddable":true,"href":"https:\/\/hier-luebeck.de\/index.php\/wp-json\/wp\/v2\/categories?post=58305"},{"taxonomy":"post_tag","embeddable":true,"href":"https:\/\/hier-luebeck.de\/index.php\/wp-json\/wp\/v2\/tags?post=58305"}],"curies":[{"name":"wp","href":"https:\/\/api.w.org\/{rel}","templated":true}]}}