{"id":58307,"date":"2012-01-27T11:24:36","date_gmt":"2012-01-27T10:24:36","guid":{"rendered":"http:\/\/www.hier-luebeck.de\/?p=58307"},"modified":"2012-01-27T11:24:36","modified_gmt":"2012-01-27T10:24:36","slug":"drei-ausschusse-tagen-in-der-kommenden-woche-6","status":"publish","type":"post","link":"https:\/\/hier-luebeck.de\/index.php\/drei-ausschusse-tagen-in-der-kommenden-woche-6\/","title":{"rendered":"Drei Aussch\u00fcsse tagen in der kommenden Woche"},"content":{"rendered":"<p>Berichte und Vorlagen zu st\u00e4dtischen Angelegenheiten werden \u00f6ffentlich beraten<\/p>\n<p>In der kommenden Woche treffen sich die Mitglieder des Bauausschusses, des Finanz- und Personalausschusses und des Jugendhilfeausschusses zur Beratung.<!--more--><\/p>\n<p>Den Auftakt machen die Mitglieder des Bauausschusses am Montag, 30. Januar 2012, um 16 Uhr im Foyer des Fachbereichs 5, M\u00fchlendamm 12. Auf der Tagesordnung stehen unter anderem ein Bericht zur Stra\u00dfenunterhaltung und ein Bericht \u00fcber die Umgestaltung der Untertrave aufgrund des Baus des Europ\u00e4ischen Hansemuseums.<\/p>\n<p>Der Finanz- und Personalausschuss tagt am Mittwoch, 1. Februar, im Roten Saal des Rathauses. Hier stehen unter anderem ein Bericht \u00fcber den zuk\u00fcnftigen Einsatz von Zeitarbeitskr\u00e4ften in der Verwaltung und den st\u00e4dtischen Betrieben sowie ein Bericht \u00fcber den Abschlussbericht \u201eStellenbemessungen und \u2013bewertungseinsch\u00e4tzungen\u201c auf der Tagesordnung. Beginnen wird die Sitzung um 16.30 Uhr.<\/p>\n<p>In der Gro\u00dfen B\u00f6rse im Rathaus, Breite Stra\u00dfe 62, treffen sich am Donnerstag, 2. Februar, die Mitglieder des Jugendhilfeausschusses. Beginn der Sitzung ist um 16 Uhr. Ein m\u00fcndlicher Bericht \u00fcber die Jugendverbandsarbeit am Beispiel Jugendring \/ ev. Jugend L\u00fcbeck steht unter anderem auf der Tagesordnung.<\/p>\n","protected":false},"excerpt":{"rendered":"<p>Berichte und Vorlagen zu st\u00e4dtischen Angelegenheiten werden \u00f6ffentlich beraten In der kommenden Woche treffen sich die Mitglieder des Bauausschusses, des<\/p>\n","protected":false},"author":3,"featured_media":0,"comment_status":"open","ping_status":"open","sticky":false,"template":"","format":"standard","meta":{"colormag_page_container_layout":"default_layout","colormag_page_sidebar_layout":"default_layout","footnotes":""},"categories":[14],"tags":[1979],"class_list":["post-58307","post","type-post","status-publish","format-standard","hentry","category-tipps-informationen","tag-ausschusse"],"_links":{"self":[{"href":"https:\/\/hier-luebeck.de\/index.php\/wp-json\/wp\/v2\/posts\/58307","targetHints":{"allow":["GET"]}}],"collection":[{"href":"https:\/\/hier-luebeck.de\/index.php\/wp-json\/wp\/v2\/posts"}],"about":[{"href":"https:\/\/hier-luebeck.de\/index.php\/wp-json\/wp\/v2\/types\/post"}],"author":[{"embeddable":true,"href":"https:\/\/hier-luebeck.de\/index.php\/wp-json\/wp\/v2\/users\/3"}],"replies":[{"embeddable":true,"href":"https:\/\/hier-luebeck.de\/index.php\/wp-json\/wp\/v2\/comments?post=58307"}],"version-history":[{"count":0,"href":"https:\/\/hier-luebeck.de\/index.php\/wp-json\/wp\/v2\/posts\/58307\/revisions"}],"wp:attachment":[{"href":"https:\/\/hier-luebeck.de\/index.php\/wp-json\/wp\/v2\/media?parent=58307"}],"wp:term":[{"taxonomy":"category","embeddable":true,"href":"https:\/\/hier-luebeck.de\/index.php\/wp-json\/wp\/v2\/categories?post=58307"},{"taxonomy":"post_tag","embeddable":true,"href":"https:\/\/hier-luebeck.de\/index.php\/wp-json\/wp\/v2\/tags?post=58307"}],"curies":[{"name":"wp","href":"https:\/\/api.w.org\/{rel}","templated":true}]}}