{"id":58762,"date":"2012-01-30T13:48:46","date_gmt":"2012-01-30T13:48:46","guid":{"rendered":"http:\/\/www.hier-luebeck.de\/2012\/01\/pol-se-elmshorn-zeugenaufruf-nach-einbruchen-am-wochenende-friedhofsverwaltung-und-drk-kindertagesstatte-betroffen-200-euro-sachschaden-fur-50-cent-beute\/"},"modified":"2012-01-30T13:48:46","modified_gmt":"2012-01-30T13:48:46","slug":"pol-se-elmshorn-zeugenaufruf-nach-einbruchen-am-wochenende-friedhofsverwaltung-und-drk-kindertagesstatte-betroffen-200-euro-sachschaden-fur-50-cent-beute","status":"publish","type":"post","link":"https:\/\/hier-luebeck.de\/index.php\/pol-se-elmshorn-zeugenaufruf-nach-einbruchen-am-wochenende-friedhofsverwaltung-und-drk-kindertagesstatte-betroffen-200-euro-sachschaden-fur-50-cent-beute\/","title":{"rendered":"POL-SE: Elmshorn: Zeugenaufruf nach Einbr\u00fcchen am Wochenende &#8211; Friedhofsverwaltung und DRK Kindertagesst\u00e4tte betroffen &#8211; 200 Euro Sachschaden f\u00fcr 50-Cent Beute"},"content":{"rendered":"<p>Elmshorn: (ots) &#8211; Die Kriminalpolizei in Elmshorn sucht Zeugen,  die Angaben zu zwei Einbr\u00fcchen vom Wochenende machen k\u00f6nnen.  Betroffene Geb\u00e4ude sind die Friedhofsverwaltung in der Friedensallee  und die DRK- Kindertagesst\u00e4tte im Hedwig-Kreutzfeldt-Weg.<!--more-->     Der oder die bislang unbekannten T\u00e4ter kamen in der Zeit von  Freitagnachmittag bis heute in den fr\u00fchen Morgenstunden, als  Mitarbeiter beider \u00d6rtlichkeiten die Taten entdeckten und meldeten.     Beute machten die Einbrecher nicht, in einem Fall scheiterten sie  sogar an der \u00dcberwindung der T\u00fcr zur Kindertagesst\u00e4tte. Es entstand  jedoch Sachschaden. Dem Kirchengemeindeverband Elmshorn entstand  ebenfalls ein Sachschaden von zirka 200 Euro, als der T\u00e4ter gewaltsam in das Geb\u00e4ude eindrang. Der Unbekannte machte aber sicherlich ein  langes Gesicht, als er au\u00dfer einem 50-Cent-St\u00fcck gar nichts fand.  Bereits am 18. Januar war ein Einbruch in die Friedhofsverwaltung  angezeigt worden. Die Kriminalpolizei schlie\u00dft nicht aus, dass es  derselbe T\u00e4ter war.     Hinweise zu den T\u00e4tern nehmen die Ermittler unter der Tel.  04121-803-0 entgegen.   ots Originaltext: Polizeidirektion Bad Segeberg Digitale Pressemappe: http:\/\/www.polizeipresse.de\/p_story.htx?firmaid=19027  <\/p>\n<p>Quelle: <a href=\"http:\/\/www.presseportal.de\/polizeipresse\/pm\/19027\/2189900\/pol-se-elmshorn-zeugenaufruf-nach-einbruechen-am-wochenende-friedhofsverwaltung-und-drk\/api\" target=\"_blank\">presseportal.de<\/a><\/p>\n","protected":false},"excerpt":{"rendered":"<p>Elmshorn: (ots) &#8211; Die Kriminalpolizei in Elmshorn sucht Zeugen, die Angaben zu zwei Einbr\u00fcchen vom Wochenende machen k\u00f6nnen. Betroffene Geb\u00e4ude<\/p>\n","protected":false},"author":3,"featured_media":0,"comment_status":"open","ping_status":"open","sticky":false,"template":"","format":"standard","meta":{"colormag_page_container_layout":"default_layout","colormag_page_sidebar_layout":"default_layout","footnotes":""},"categories":[20],"tags":[],"class_list":["post-58762","post","type-post","status-publish","format-standard","hentry","category-besondere-neuigkeiten"],"_links":{"self":[{"href":"https:\/\/hier-luebeck.de\/index.php\/wp-json\/wp\/v2\/posts\/58762","targetHints":{"allow":["GET"]}}],"collection":[{"href":"https:\/\/hier-luebeck.de\/index.php\/wp-json\/wp\/v2\/posts"}],"about":[{"href":"https:\/\/hier-luebeck.de\/index.php\/wp-json\/wp\/v2\/types\/post"}],"author":[{"embeddable":true,"href":"https:\/\/hier-luebeck.de\/index.php\/wp-json\/wp\/v2\/users\/3"}],"replies":[{"embeddable":true,"href":"https:\/\/hier-luebeck.de\/index.php\/wp-json\/wp\/v2\/comments?post=58762"}],"version-history":[{"count":0,"href":"https:\/\/hier-luebeck.de\/index.php\/wp-json\/wp\/v2\/posts\/58762\/revisions"}],"wp:attachment":[{"href":"https:\/\/hier-luebeck.de\/index.php\/wp-json\/wp\/v2\/media?parent=58762"}],"wp:term":[{"taxonomy":"category","embeddable":true,"href":"https:\/\/hier-luebeck.de\/index.php\/wp-json\/wp\/v2\/categories?post=58762"},{"taxonomy":"post_tag","embeddable":true,"href":"https:\/\/hier-luebeck.de\/index.php\/wp-json\/wp\/v2\/tags?post=58762"}],"curies":[{"name":"wp","href":"https:\/\/api.w.org\/{rel}","templated":true}]}}