{"id":5888,"date":"2008-04-09T13:22:09","date_gmt":"2008-04-09T13:22:09","guid":{"rendered":"http:\/\/testserver\/wordpress\/?p=5788"},"modified":"2008-04-09T13:22:09","modified_gmt":"2008-04-09T13:22:09","slug":"bibeltv_deutsche_erstausstrahlung_die_lebensgeschichte_des_farmers_und_predigers_buchan","status":"publish","type":"post","link":"https:\/\/hier-luebeck.de\/index.php\/bibeltv_deutsche_erstausstrahlung_die_lebensgeschichte_des_farmers_und_predigers_buchan\/","title":{"rendered":"Bibel.TV: Deutsche Erstausstrahlung: Die Lebensgeschichte des Farmers und Predigers Buchan"},"content":{"rendered":"<p><img decoding=\"async\" title=\"Bibel.TVLogo\" src=\"http:\/\/www.hier-luebeck.de\/images\/topics\/Bibel.TVLogo.jpg\" alt=\"Bibel.TVLogo\" \/><br \/>\nIm Blickpunkt steht das Land, das durch seine Weite, seine Sch\u00f6nheit aber auch durch die Konflikte seiner Bewohner bis heute f\u00fcr Schlagzeilen sorgt: Afrika. <\/p>\n<p>&#8222;Tief verwurzelt&#8220;  (Faith Like Potatoes) &#8211; Spielfilm (ZA 2006), R.: Regardt van den Bergh, D.: Francois Rautenbach, Jeanne Wilhelm, Hamilton Dlamini\t<\/p>\n<p><!--more-->Afrika Mitte der 70er Jahre: Immer h\u00e4ufiger werden bei Rassenunruhen Wei\u00dfe angegriffen. Aus Sorge bricht der Farmer Angus Buchan mit seiner Familie nach KwaZulu-Natal auf, um dort ein besseres Leben zu beginnen. Doch in der neuen Umgebung f\u00e4llt es ihnen schwer Fu\u00df zu fassen. Wut, Verzweiflung und Angst drohen Angus aufzuzehren und seine Familie zu zerst\u00f6ren. Aber dann geschieht etwas, dass alles ver\u00e4ndert. Diese Verfilmung der Lebensgeschichte des Farmers und Predigers Angus Buchan &#8222;Faith Like Potatoes&#8220; bewegt und zeigt auf, was der Glaube an Gott m\u00f6glich machen kann.   <\/p>\n<p>Sendedatum:<br \/>\nSamstag 10.5.08, 20:15 Uhr<\/p>\n","protected":false},"excerpt":{"rendered":"<p>Im Blickpunkt steht das Land, das durch seine Weite, seine Sch\u00f6nheit aber auch durch die Konflikte seiner Bewohner bis heute<\/p>\n","protected":false},"author":3,"featured_media":0,"comment_status":"open","ping_status":"open","sticky":false,"template":"","format":"standard","meta":{"colormag_page_container_layout":"default_layout","colormag_page_sidebar_layout":"default_layout","footnotes":""},"categories":[13],"tags":[],"class_list":["post-5888","post","type-post","status-publish","format-standard","hentry","category-veranstaltungen"],"_links":{"self":[{"href":"https:\/\/hier-luebeck.de\/index.php\/wp-json\/wp\/v2\/posts\/5888","targetHints":{"allow":["GET"]}}],"collection":[{"href":"https:\/\/hier-luebeck.de\/index.php\/wp-json\/wp\/v2\/posts"}],"about":[{"href":"https:\/\/hier-luebeck.de\/index.php\/wp-json\/wp\/v2\/types\/post"}],"author":[{"embeddable":true,"href":"https:\/\/hier-luebeck.de\/index.php\/wp-json\/wp\/v2\/users\/3"}],"replies":[{"embeddable":true,"href":"https:\/\/hier-luebeck.de\/index.php\/wp-json\/wp\/v2\/comments?post=5888"}],"version-history":[{"count":0,"href":"https:\/\/hier-luebeck.de\/index.php\/wp-json\/wp\/v2\/posts\/5888\/revisions"}],"wp:attachment":[{"href":"https:\/\/hier-luebeck.de\/index.php\/wp-json\/wp\/v2\/media?parent=5888"}],"wp:term":[{"taxonomy":"category","embeddable":true,"href":"https:\/\/hier-luebeck.de\/index.php\/wp-json\/wp\/v2\/categories?post=5888"},{"taxonomy":"post_tag","embeddable":true,"href":"https:\/\/hier-luebeck.de\/index.php\/wp-json\/wp\/v2\/tags?post=5888"}],"curies":[{"name":"wp","href":"https:\/\/api.w.org\/{rel}","templated":true}]}}