{"id":5892,"date":"2008-04-09T14:38:14","date_gmt":"2008-04-09T14:38:14","guid":{"rendered":"http:\/\/testserver\/wordpress\/?p=5792"},"modified":"2008-04-09T14:38:14","modified_gmt":"2008-04-09T14:38:14","slug":"aspekte_der_knftigen_energieversorgung_naturwissenschaftlicher_verein_ldt_am_14_april_zur_jahreshauptversammlung","status":"publish","type":"post","link":"https:\/\/hier-luebeck.de\/index.php\/aspekte_der_knftigen_energieversorgung_naturwissenschaftlicher_verein_ldt_am_14_april_zur_jahreshauptversammlung\/","title":{"rendered":"Aspekte der k\u00fcnftigen Energieversorgung -Naturwissenschaftlicher Verein l\u00e4dt am 14. April zur Jahreshauptversammlung"},"content":{"rendered":"<p><img decoding=\"async\" title=\"HLWappen\" src=\"http:\/\/www.hier-luebeck.de\/images\/topics\/HLWappen.jpg\" alt=\"HLWappen\" \/><br \/>\nUm Aspekte der k\u00fcnftigen Energieversorgung geht es bei der Jahreshauptversammlung des Naturwissenschaftlichen Vereins am Montag, 14. April 2008, um 19.15 Uhr im Institut f\u00fcr Medizin- und Wissenschaftsgeschichte, K\u00f6nigsstra\u00dfe 42. Professor Dr. Rudolf Taurit referiert zum aktuellen Thema: Auf der Grundlage des Energiereportes der Bundesregierung wirft er einen Blick auf die Ressourcen- und Verbrauchssituation der kommenden 25 Jahre. <br \/>\n<!--more-->Welche Langzeitperspektiven gibt es und wie ist der Schwerpunkt Elektrische Energieversorgung zu bewerten? Diese und weitere Fragen stehen im Anschluss zur Diskussion. Die Veranstaltung ist eine Kooperation des Museums f\u00fcr Natur und Umwelt mit dem Naturwissenschaftlichen Verein . Der Eintritt ist frei.<\/p>\n","protected":false},"excerpt":{"rendered":"<p>Um Aspekte der k\u00fcnftigen Energieversorgung geht es bei der Jahreshauptversammlung des Naturwissenschaftlichen Vereins am Montag, 14. April 2008, um 19.15<\/p>\n","protected":false},"author":3,"featured_media":0,"comment_status":"open","ping_status":"open","sticky":false,"template":"","format":"standard","meta":{"colormag_page_container_layout":"default_layout","colormag_page_sidebar_layout":"default_layout","footnotes":""},"categories":[13],"tags":[],"class_list":["post-5892","post","type-post","status-publish","format-standard","hentry","category-veranstaltungen"],"_links":{"self":[{"href":"https:\/\/hier-luebeck.de\/index.php\/wp-json\/wp\/v2\/posts\/5892","targetHints":{"allow":["GET"]}}],"collection":[{"href":"https:\/\/hier-luebeck.de\/index.php\/wp-json\/wp\/v2\/posts"}],"about":[{"href":"https:\/\/hier-luebeck.de\/index.php\/wp-json\/wp\/v2\/types\/post"}],"author":[{"embeddable":true,"href":"https:\/\/hier-luebeck.de\/index.php\/wp-json\/wp\/v2\/users\/3"}],"replies":[{"embeddable":true,"href":"https:\/\/hier-luebeck.de\/index.php\/wp-json\/wp\/v2\/comments?post=5892"}],"version-history":[{"count":0,"href":"https:\/\/hier-luebeck.de\/index.php\/wp-json\/wp\/v2\/posts\/5892\/revisions"}],"wp:attachment":[{"href":"https:\/\/hier-luebeck.de\/index.php\/wp-json\/wp\/v2\/media?parent=5892"}],"wp:term":[{"taxonomy":"category","embeddable":true,"href":"https:\/\/hier-luebeck.de\/index.php\/wp-json\/wp\/v2\/categories?post=5892"},{"taxonomy":"post_tag","embeddable":true,"href":"https:\/\/hier-luebeck.de\/index.php\/wp-json\/wp\/v2\/tags?post=5892"}],"curies":[{"name":"wp","href":"https:\/\/api.w.org\/{rel}","templated":true}]}}