{"id":59715,"date":"2012-01-19T11:27:42","date_gmt":"2012-01-19T11:27:42","guid":{"rendered":"http:\/\/www.hier-luebeck.de\/2012\/01\/fw-hl-jahreshauptversammlung-bei-der-freiwilligen-feuerwehr-lubeck-vorwerk-26\/"},"modified":"2012-01-19T11:27:42","modified_gmt":"2012-01-19T11:27:42","slug":"fw-hl-jahreshauptversammlung-bei-der-freiwilligen-feuerwehr-lubeck-vorwerk-26","status":"publish","type":"post","link":"https:\/\/hier-luebeck.de\/index.php\/fw-hl-jahreshauptversammlung-bei-der-freiwilligen-feuerwehr-lubeck-vorwerk-26\/","title":{"rendered":"FW-HL: Jahreshauptversammlung bei der Freiwilligen Feuerwehr L\u00fcbeck-Vorwerk"},"content":{"rendered":"<p><img decoding=\"async\" class=\"alignleft size-full\" src=\"http:\/\/www.presseportal.de\/bild\/205500-preview-ffvorwerk.jpg\" \/><\/p>\n<p>L\u00fcbeck (ots) &#8211; Am Freitag, den 20.01.2012 findet die diesj\u00e4hrige  Jahreshauptversammlung der Freiwilligen Feuerwehr Vorwerk um 19 Uhr  im Ger\u00e4tehaus in der Vorwerker Strasse 64c, 23554 L\u00fcbeck statt.     Neben den Jahresberichten der Wehrf\u00fchrung, der Jugendfeuerwehr und der Kassenf\u00fchrung sind mehrere Ehrungen und Bef\u00f6rderungen geplant.<!--more-->  Die G\u00e4ste vom Stadtfeuerwehrverband, der Berufsfeuerwehr und aus der  Politik werden ihre Gru\u00dfworte verlesen. Au\u00dferdem ist eine  Spenden\u00fcbergabe an die Jugendfeuerwehr Vorwerk vorgesehen.     Die Veranstaltung ist nur f\u00fcr geladene G\u00e4ste. Weitere  Informationen zur Freiwilligen Feuerwehr Vorwerk findet man unter  http:\/\/www.ff-vorwerk.de und aktuelles unter  http:\/\/www.facebook.com\/ffvorwerk     +++ Medienvertreter sind herzlich eingeladen, an der  Jahreshauptversammlung teilzunehmen. Das Bild in der Pressemappe kann honorarfrei verwendet werden. +++     <\/p>\n<p>Quelle: <a href=\"http:\/\/www.presseportal.de\/polizeipresse\/pm\/52865\/2183877\/fw-hl-jahreshauptversammlung-bei-der-freiwilligen-feuerwehr-luebeck-vorwerk\/api\" target=\"_blank\">presseportal.de<\/a><\/p>\n","protected":false},"excerpt":{"rendered":"<p>L\u00fcbeck (ots) &#8211; Am Freitag, den 20.01.2012 findet die diesj\u00e4hrige Jahreshauptversammlung der Freiwilligen Feuerwehr Vorwerk um 19 Uhr im Ger\u00e4tehaus<\/p>\n","protected":false},"author":3,"featured_media":0,"comment_status":"open","ping_status":"open","sticky":false,"template":"","format":"standard","meta":{"colormag_page_container_layout":"default_layout","colormag_page_sidebar_layout":"default_layout","footnotes":""},"categories":[20],"tags":[],"class_list":["post-59715","post","type-post","status-publish","format-standard","hentry","category-besondere-neuigkeiten"],"_links":{"self":[{"href":"https:\/\/hier-luebeck.de\/index.php\/wp-json\/wp\/v2\/posts\/59715","targetHints":{"allow":["GET"]}}],"collection":[{"href":"https:\/\/hier-luebeck.de\/index.php\/wp-json\/wp\/v2\/posts"}],"about":[{"href":"https:\/\/hier-luebeck.de\/index.php\/wp-json\/wp\/v2\/types\/post"}],"author":[{"embeddable":true,"href":"https:\/\/hier-luebeck.de\/index.php\/wp-json\/wp\/v2\/users\/3"}],"replies":[{"embeddable":true,"href":"https:\/\/hier-luebeck.de\/index.php\/wp-json\/wp\/v2\/comments?post=59715"}],"version-history":[{"count":0,"href":"https:\/\/hier-luebeck.de\/index.php\/wp-json\/wp\/v2\/posts\/59715\/revisions"}],"wp:attachment":[{"href":"https:\/\/hier-luebeck.de\/index.php\/wp-json\/wp\/v2\/media?parent=59715"}],"wp:term":[{"taxonomy":"category","embeddable":true,"href":"https:\/\/hier-luebeck.de\/index.php\/wp-json\/wp\/v2\/categories?post=59715"},{"taxonomy":"post_tag","embeddable":true,"href":"https:\/\/hier-luebeck.de\/index.php\/wp-json\/wp\/v2\/tags?post=59715"}],"curies":[{"name":"wp","href":"https:\/\/api.w.org\/{rel}","templated":true}]}}