{"id":6251,"date":"2008-05-21T02:07:16","date_gmt":"2008-05-21T02:07:16","guid":{"rendered":"http:\/\/testserver\/wordpress\/?p=6151"},"modified":"2008-05-21T02:07:16","modified_gmt":"2008-05-21T02:07:16","slug":"deutschdnisches_energienetzwerk_geht_in_die_offensive","status":"publish","type":"post","link":"https:\/\/hier-luebeck.de\/index.php\/deutschdnisches_energienetzwerk_geht_in_die_offensive\/","title":{"rendered":"Deutsch-D\u00e4nisches Energienetzwerk geht in die Offensive"},"content":{"rendered":"<p><img decoding=\"async\" title=\"FH_Logo\" src=\"http:\/\/www.hier-luebeck.de\/images\/topics\/FH_Logo.jpg\" alt=\"FH_Logo\" \/><br \/>\nMit dem am Freitag, d. 23. Mai 2008 stattfindenden Workshop im M\u00f6venpick Hotel L\u00fcbeck, Willy-Brandt-Allee 1-5, 23554 L\u00fcbeck (Prismensaal), geht das Deutsch-D\u00e4nische Energienetzwerk HyBelt in die Offensive. Vertretungen aus Wirtschaft, Politik und Wissenschaft haben sich mit dem zweiten HyBelt-Workshop das Ziel gesetzt, das in dieser l\u00e4nder\u00fcbergreifenden Konstellation noch junge Netzwerk zu festigen, auszubauen und damit die technischen Synergien zu betonen.<!--more-->HyBelt ist ein deutsch\/d\u00e4nisches Gemeinschaftsprojekt der Regionen L\u00fcbeck und Lolland, das sich zum Ziel gesetzt hat, den Aufbau von Netzwerken und den Austausch von Ideen im Bereich Wasserstoff und Brennstoffzelle zu f\u00f6rdern. In der ersten Projektphase wird HyBelt die Interessen, Aktivit\u00e4ten und Kompetenzen zu diesem Thema in den Regionen identifizieren<br \/>\nund aufgreifen. <\/p>\n<p>Der erste Workshop im Rahmen des deutsch-d\u00e4nischen Gemeinschaftsprojekts HyBelt fand im April dieses Jahres auf Lolland statt und bot den Teilnehmenden die M\u00f6glichkeit, sich mit den Technologien und deren Bedeutung im zuk\u00fcnftigen Energiemarkt vertraut zu machen. <\/p>\n<p>Im Rahmen des zweiten Workshops jetzt in L\u00fcbeck stellen die Projektverantwortlichen ca. 50 interessierten Teilnehmenden aus D\u00e4nemark und Deutschland ihre Ideen und Erfahrungen in kurzen Impulsvortr\u00e4gen vor. In erster Linie sind HyBelts Zielgruppen Unternehmen der Energiewirtschaft und des Anlagenbaus, Beh\u00f6rden, des Handwerks und der Forschung. Mit der Teilnahme am Workshop wird die M\u00f6glichkeit geboten, in der ersten Reihe der Entwicklung dabei sein zu k\u00f6nnen und von der Kooperation der beiden Regionen zu profitieren.<\/p>\n<p>Der Workshop ist kostenfrei und findet statt am: Freitag, den 23. Mai 2008 von 09:45 Uhr bis 15:00 Uhr im: M\u00f6venpick Hotel L\u00fcbeck, Willy-Brandt-Allee 1-5, 23554 L\u00fcbeck (Prismensaal)<\/p>\n<p>Kontaktdaten und weitere Informationen: 0451\/ 3005415, Frau Claudia Puknus, Kompetenzzentrum Wasserstoff- und Brennstoffzellentechnologie, KWB.<\/p>\n","protected":false},"excerpt":{"rendered":"<p>Mit dem am Freitag, d. 23. Mai 2008 stattfindenden Workshop im M\u00f6venpick Hotel L\u00fcbeck, Willy-Brandt-Allee 1-5, 23554 L\u00fcbeck (Prismensaal), geht<\/p>\n","protected":false},"author":292,"featured_media":0,"comment_status":"open","ping_status":"open","sticky":false,"template":"","format":"standard","meta":{"colormag_page_container_layout":"default_layout","colormag_page_sidebar_layout":"default_layout","footnotes":""},"categories":[7],"tags":[],"class_list":["post-6251","post","type-post","status-publish","format-standard","hentry","category-wissenschaft"],"_links":{"self":[{"href":"https:\/\/hier-luebeck.de\/index.php\/wp-json\/wp\/v2\/posts\/6251","targetHints":{"allow":["GET"]}}],"collection":[{"href":"https:\/\/hier-luebeck.de\/index.php\/wp-json\/wp\/v2\/posts"}],"about":[{"href":"https:\/\/hier-luebeck.de\/index.php\/wp-json\/wp\/v2\/types\/post"}],"author":[{"embeddable":true,"href":"https:\/\/hier-luebeck.de\/index.php\/wp-json\/wp\/v2\/users\/292"}],"replies":[{"embeddable":true,"href":"https:\/\/hier-luebeck.de\/index.php\/wp-json\/wp\/v2\/comments?post=6251"}],"version-history":[{"count":0,"href":"https:\/\/hier-luebeck.de\/index.php\/wp-json\/wp\/v2\/posts\/6251\/revisions"}],"wp:attachment":[{"href":"https:\/\/hier-luebeck.de\/index.php\/wp-json\/wp\/v2\/media?parent=6251"}],"wp:term":[{"taxonomy":"category","embeddable":true,"href":"https:\/\/hier-luebeck.de\/index.php\/wp-json\/wp\/v2\/categories?post=6251"},{"taxonomy":"post_tag","embeddable":true,"href":"https:\/\/hier-luebeck.de\/index.php\/wp-json\/wp\/v2\/tags?post=6251"}],"curies":[{"name":"wp","href":"https:\/\/api.w.org\/{rel}","templated":true}]}}