{"id":64894,"date":"2012-03-01T10:54:41","date_gmt":"2012-03-01T09:54:41","guid":{"rendered":"http:\/\/www.hier-luebeck.de\/?p=64894"},"modified":"2012-03-01T11:58:12","modified_gmt":"2012-03-01T10:58:12","slug":"neues-gesicht-fur-busumer-perlebucht","status":"publish","type":"post","link":"https:\/\/hier-luebeck.de\/index.php\/neues-gesicht-fur-busumer-perlebucht\/","title":{"rendered":"Neues Gesicht f\u00fcr B\u00fcsumer Perlebucht"},"content":{"rendered":"<p><a title=\"Zukunftsprogramm Wirtschaft\" href=\"http:\/\/www.schleswig-holstein.de\/MWV\/DE\/Wirtschaft\/Wirtschaftsfoerderung\/EUFoerderungSH\/EUFoerderungSH_node.html\"><img loading=\"lazy\" decoding=\"async\" class=\"alignleft\" title=\"Zukunftsprogramm Wirtschaft\" src=\"http:\/\/www.schleswig-holstein.de\/MWV\/DE\/Service\/Bilder\/Logos\/zpWirtschaftPiLogo__blob=normal.jpg\" alt=\"Zukunftsprogramm Wirtschaft\" width=\"280\" height=\"96\" \/><\/a>Die Perlebucht, eine als Kinderparadies bekannte zehn Hektar gro\u00dfe Sandinsel im Nordwesten B\u00fcsums, erh\u00e4lt ein neues Gesicht: Das Land unterst\u00fctzt die Gemeinde bei dem 5,5 Millionen Euro teuren Vorhaben mit 3,2 Millionen Euro aus den Zukunftsprogrammen Wirtschaft (ZPW) und L\u00e4ndlicher Raum (ZPLR). Wirtschafts-Staatssekret\u00e4rin Dr. Tamara Zieschang \u00fcbergab heute (1. M\u00e4rz) die beiden Zuwendungsbescheide an B\u00fcsums B\u00fcrgermeister Maik Schwartau.<!--more--><\/p>\n<p>\u201e<q>Mit \u00fcber 800.000 \u00dcbernachtungen und 130.000 G\u00e4sten j\u00e4hrlich geh\u00f6rt B\u00fcsum zu den wichtigsten Urlauber-Magneten in unse-rem Land. Die geplante Investition wird die Zukunft des Tourismus in der Gemeinde und an der Nordsee absichern und st\u00e4rken<\/q>\u201c, so Zieschang.<\/p>\n<p>Die Staatssekret\u00e4rin erinnerte mit Blick auf die Zielgruppen-Strategie des Landes im Tourismus daran, dass sich die Fremdenverkehrswirtschaft auf eine moderne und attraktive Infrastruktur st\u00fctzen muss. Geplant ist, den in die Jahre gekommene Sandstrand der Perlebucht durch eine neue \u201eSeebr\u00fccke\u201c in Form eines Mitteldammes aufzuwerten. Am Ende soll ein \u201eSeebr\u00fcckenkopf\u201c mit Toiletten, Servicepunkt f\u00fcr Informationen, Erste Hilfe und Rettungsdienst als zentraler Mittelpunkt dienen. Die neue \u201eBeach Lounge\u201c mit Blick auf das Wattenmeer soll die Verbindung zwischen dem Norden B\u00fcsums und dem Weltnaturerbe herstellen. Oberhalb des erh\u00f6hten Deckwerks ist eine \u201eNordseepromenade\u201c mit Sitzpl\u00e4tzen geplant. Gastronomische Angebote sollen das Angebot abrunden. F\u00fcr dieses 4,4 Millionen Euro teure Projekt stellt das Wirtschaftsministerium knapp 2,2 Millionen Euro zur Verf\u00fcgung.<\/p>\n<p>Der eigentliche Sandstrand an der Perlebucht wird durch gro\u00dfe wellenf\u00f6rmige Sandauf-sch\u00fcttungen, neuen Duschen und Toiletten sowie Spiel- und Sportangeboten attraktiver gestaltet. Zus\u00e4tzlich entsteht eine \u00fcberdachte Fl\u00e4che als Fluchtpunkt bei Regenschauern. Dieses 1,1 Millionen Euro teure Teil-Projekt wird mit 574.000 Euro durch das Land-wirtschaftsministerium \u00fcber die AktivRegion Dithmarschen gef\u00f6rdert.<\/p>\n<h3>Zukunftsprogramm Wirtschaft<\/h3>\n<p>&nbsp;<\/p>\n<p>In das Zukunftsprogramm Wirtschaft flie\u00dfen im Zeitraum 2007 \u2013 2013 rund 704 Millionen Euro f\u00fcr die wirtschafts- und regionalpolitische F\u00f6rderung in Schleswig-Holstein, davon rund 374 Millionen Euro aus dem <abbr>Europ\u00e4ischen Fonds f\u00fcr regionale Entwicklung (EFRE)<\/abbr>, rund 208 Millionen Euro aus der Bund-L\u00e4nder-Gemeinschaftsaufgabe \u201e<abbr>Verbesserung der regionalen Wirtschaftsstruktur&#8220; (GRW)<\/abbr> sowie erg\u00e4nzenden Landesmitteln in H\u00f6he von rund 122 Millionen Euro.<\/p>\n<h3>Zukunftsprogramm L\u00e4ndlicher Raum<\/h3>\n<p>Das Zukunftsprogramm L\u00e4ndlicher Raum f\u00f6rdert neue Modelle der l\u00e4ndlichen Entwicklung in Schleswig-Holstein. F\u00fcr die Verbesserung der Lebensverh\u00e4ltnisse auf dem Lande stehen rund 302 Millionen Euro aus dem <abbr>Europ\u00e4ischen Landwirtschaftsfonds f\u00fcr die Entwicklung des L\u00e4ndlichen Raums (ELER)<\/abbr>, rund 95 Millionen Euro aus der Bund-L\u00e4nder-Gemeinschaftsaufgabe \u201eVerbesserung der Agrarstruktur- und des K\u00fcstenschutzes (GAK)\u201c sowie erg\u00e4nzende Landesmittel in H\u00f6he von rund 90 Millionen Euro zur Verf\u00fcgung.<\/p>\n","protected":false},"excerpt":{"rendered":"<p>Die Perlebucht, eine als Kinderparadies bekannte zehn Hektar gro\u00dfe Sandinsel im Nordwesten B\u00fcsums, erh\u00e4lt ein neues Gesicht: Das Land unterst\u00fctzt<\/p>\n","protected":false},"author":3,"featured_media":0,"comment_status":"open","ping_status":"open","sticky":false,"template":"","format":"standard","meta":{"colormag_page_container_layout":"default_layout","colormag_page_sidebar_layout":"default_layout","footnotes":""},"categories":[14],"tags":[3959,3958],"class_list":["post-64894","post","type-post","status-publish","format-standard","hentry","category-tipps-informationen","tag-busumer-perlebucht","tag-neues-gesicht"],"_links":{"self":[{"href":"https:\/\/hier-luebeck.de\/index.php\/wp-json\/wp\/v2\/posts\/64894","targetHints":{"allow":["GET"]}}],"collection":[{"href":"https:\/\/hier-luebeck.de\/index.php\/wp-json\/wp\/v2\/posts"}],"about":[{"href":"https:\/\/hier-luebeck.de\/index.php\/wp-json\/wp\/v2\/types\/post"}],"author":[{"embeddable":true,"href":"https:\/\/hier-luebeck.de\/index.php\/wp-json\/wp\/v2\/users\/3"}],"replies":[{"embeddable":true,"href":"https:\/\/hier-luebeck.de\/index.php\/wp-json\/wp\/v2\/comments?post=64894"}],"version-history":[{"count":2,"href":"https:\/\/hier-luebeck.de\/index.php\/wp-json\/wp\/v2\/posts\/64894\/revisions"}],"predecessor-version":[{"id":64913,"href":"https:\/\/hier-luebeck.de\/index.php\/wp-json\/wp\/v2\/posts\/64894\/revisions\/64913"}],"wp:attachment":[{"href":"https:\/\/hier-luebeck.de\/index.php\/wp-json\/wp\/v2\/media?parent=64894"}],"wp:term":[{"taxonomy":"category","embeddable":true,"href":"https:\/\/hier-luebeck.de\/index.php\/wp-json\/wp\/v2\/categories?post=64894"},{"taxonomy":"post_tag","embeddable":true,"href":"https:\/\/hier-luebeck.de\/index.php\/wp-json\/wp\/v2\/tags?post=64894"}],"curies":[{"name":"wp","href":"https:\/\/api.w.org\/{rel}","templated":true}]}}