{"id":6539,"date":"2008-06-22T01:56:00","date_gmt":"2008-06-22T01:56:00","guid":{"rendered":"http:\/\/testserver\/wordpress\/?p=6439"},"modified":"2008-06-22T01:56:00","modified_gmt":"2008-06-22T01:56:00","slug":"comicknstler_versuchen_sich_am_buddenbrookhaus","status":"publish","type":"post","link":"https:\/\/hier-luebeck.de\/index.php\/comicknstler_versuchen_sich_am_buddenbrookhaus\/","title":{"rendered":"Comic-K\u00fcnstler versuchen sich am Buddenbrookhaus"},"content":{"rendered":"<p><img decoding=\"async\" title=\"Kreitz,Isabel\" src=\"http:\/\/www.hier-luebeck.de\/images\/topics\/Kreitz,Isabel.jpg\" alt=\"Kreitz,Isabel\" \/><br \/>\nDie Fliege im Buddenbrookhaus als Comic: Am Sonnabend, 28. Juni 2008, 14.30 Uhr ist die Comic-Zeichnerin Isabel Kreitz aus Hamburg mit einem Workshop im Buddenbrookhaus zu Gast. Ambitionierte Comic-Zeichner haben Gelegenheit, unter professioneller Anleitung einen eigenen Comic zu entwickeln.<\/p>\n<p>Foto \u00fc\/Zwerchfell Verlag: Isabel Kreitz<br \/>\n<!--more-->Isabel Kreitz gilt als eine &#8222;der besten deutsche Comic-Zeichnerinnen&#8220; (Deutsche Comic-Preis 1997). Die Themen ihrer Arbeit sind sowohl Ph\u00e4nomene der Jugendkultur als auch historische und politische Ereignisse der deutschen Geschichte. Bekannt wurde sie unter anderem mit einer Comicserie um den frechen S-Bahn-Surfer Ralf und dem Comic &#8222;Die Entdeckung der Curry-Wurst&#8220; (Carlsen 2005) zur gleichnamigen Novelle von Uwe Timm. Auch die Kinderklassiker von Erich K\u00e4stner hat sie schon zu erfolgreichen Bildergeschichten umgeformt. Zuletzt erschien &#8222;Die Sache mit Sorge. Stalins Spion in Tokio&#8220; (Carlsen 2008).<\/p>\n<p>Mit den Workshopteilnehmern m\u00f6chte Isabel Kreitz das Buddenbrookhaus zum Hauptdarsteller einer eigenen Comicerz\u00e4hlung machen. &#8222;Es ist zum Beispiel m\u00f6glich, sich den verschiedenen R\u00e4umen des Hauses zeichnerisch zu n\u00e4hern und die Bilder in einer Geschichte zusammenzubringen,&#8220; sagt sie. &#8222;Dabei kann man von einer Sequenz aus den Buddenbrooks ausgehen oder die R\u00e4ume als Hintergrund f\u00fcr eine ganz eigene Idee nutzen &#8211; zum Beispiel, indem man eine Fliege durch die R\u00e4ume verfolgt.&#8220;<\/p>\n<p>Die Lieblingszeichenmaterialen (Stifte\/Tusche\/Papier) sollten selbst mitgebracht werden. Wer mag, kann sich schon vorher eine Geschichte \u00fcberlegen.<br \/>\nDie Kosten f\u00fcr die Teilnahme betragen acht Euro. Um Anmeldung bis zum 27. Juni 2008 unter 01805-92 92 00 (14ct\/min) wird gebeten. Mindestalter: 16 Jahre. <\/p>\n<p>\nZwerchfell Verlag EK:<br \/>\nIsabel Kreitz, Jahrgang 1967, gilt als &#8222;Deutschlands beste Comic-Zeichnerin&#8220; (&#8222;Die Woche&#8220;) und wurde als ebensolche 1997 auf dem Internationalen Comic-Festival in Hamburg mit dem &#8222;Deutschen Comic-Preis&#8220; ausgezeichnet. Sie besuchte die Parssons School in New York, arbeitete anschlie\u00dfend an dem Zeitungsstrip &#8222;Ottifanten&#8220; mit und begann schlie\u00dflich ihre eigenen, an einer Imbissbude spielenden Streifen &#8222;Hei\u00df und fettig&#8220;. Im Zwerchfell Verlag ver\u00f6ffentlichte sie ab 1994 in den drei Heften &#8222;Schlechte Laune&#8220;, &#8222;Ralf lebt&#8220; und &#8222;Totenstill&#8220; die packende Trilogie um den S-Bahn-Surfer Ralf, mit der sie ihr Erz\u00e4hltalent auch in l\u00e4ngeren Geschichten unter Beweis stellte. Mit diesen Alben wurde sie einem breiteren Publikum bekannt und ver\u00f6ffentlichte auch parallel bei Carlsen.<\/p>\n<p>Im Carlsen Verlag erschienen ihre abgeschlossenen Stories &#8222;Ohne Peilung&#8220;, die Romanadaption &#8222;Die Entdeckung der Currywurst&#8220; nach Uwe Timm, sowie 1998 &#8222;Waffenh\u00e4ndler&#8220; und mit Laura Bartels &#8222;Die Leidenschaft des Herrn L\u00fchrs&#8220;. <br \/>\n2003 erscheint der vierte Ralf- Band &#8222;Gier&#8220; bei Zwerchfell.<br \/>\nIn der Laudatio zur Max-und-Moritz Preis Nominierung wird ihr Stil so beschrieben: &#8222;in ihren Zeichnungen gelingt es Isabel Kreitz immer wieder, ihren erkl\u00e4rten Vorbildern (an erster Stelle wohl Will Eisner) zu huldigen, ohne eine platte Imitation vorzulegen. Ihr atmosph\u00e4rischer Strich verleiht ihrer Heimatstadt Hamburg einen ebenso d\u00fcsteren, wie realistischen Augenschein. Gleichzeitig schafft sie bei ihren Figuren eine wunderbar leichte und doch glaubhafte Charakterisierung.&#8220;<\/p>\n<p>Zwerchfell Verlag EK<br \/>\nTonndorfer Strand 57<br \/>\n22045 Hamburg<br \/>\nTel. +49-40-6731389<br \/>\nFax. +49-40-6731389<br \/>\nEmail: zwerchfell-verlag@web.de<\/p>\n","protected":false},"excerpt":{"rendered":"<p>Die Fliege im Buddenbrookhaus als Comic: Am Sonnabend, 28. Juni 2008, 14.30 Uhr ist die Comic-Zeichnerin Isabel Kreitz aus Hamburg<\/p>\n","protected":false},"author":292,"featured_media":0,"comment_status":"open","ping_status":"open","sticky":false,"template":"","format":"standard","meta":{"colormag_page_container_layout":"default_layout","colormag_page_sidebar_layout":"default_layout","footnotes":""},"categories":[13],"tags":[],"class_list":["post-6539","post","type-post","status-publish","format-standard","hentry","category-veranstaltungen"],"_links":{"self":[{"href":"https:\/\/hier-luebeck.de\/index.php\/wp-json\/wp\/v2\/posts\/6539","targetHints":{"allow":["GET"]}}],"collection":[{"href":"https:\/\/hier-luebeck.de\/index.php\/wp-json\/wp\/v2\/posts"}],"about":[{"href":"https:\/\/hier-luebeck.de\/index.php\/wp-json\/wp\/v2\/types\/post"}],"author":[{"embeddable":true,"href":"https:\/\/hier-luebeck.de\/index.php\/wp-json\/wp\/v2\/users\/292"}],"replies":[{"embeddable":true,"href":"https:\/\/hier-luebeck.de\/index.php\/wp-json\/wp\/v2\/comments?post=6539"}],"version-history":[{"count":0,"href":"https:\/\/hier-luebeck.de\/index.php\/wp-json\/wp\/v2\/posts\/6539\/revisions"}],"wp:attachment":[{"href":"https:\/\/hier-luebeck.de\/index.php\/wp-json\/wp\/v2\/media?parent=6539"}],"wp:term":[{"taxonomy":"category","embeddable":true,"href":"https:\/\/hier-luebeck.de\/index.php\/wp-json\/wp\/v2\/categories?post=6539"},{"taxonomy":"post_tag","embeddable":true,"href":"https:\/\/hier-luebeck.de\/index.php\/wp-json\/wp\/v2\/tags?post=6539"}],"curies":[{"name":"wp","href":"https:\/\/api.w.org\/{rel}","templated":true}]}}