{"id":6555,"date":"2008-06-23T22:52:00","date_gmt":"2008-06-23T22:52:00","guid":{"rendered":"http:\/\/testserver\/wordpress\/?p=6455"},"modified":"2008-06-23T22:52:00","modified_gmt":"2008-06-23T22:52:00","slug":"vhs_von_poller_zu_poller_nach_sdamerika","status":"publish","type":"post","link":"https:\/\/hier-luebeck.de\/index.php\/vhs_von_poller_zu_poller_nach_sdamerika\/","title":{"rendered":"VHS: Von Poller zu Poller nach S\u00fcdamerika"},"content":{"rendered":"<p><img decoding=\"async\" title=\"VHSLogo\" src=\"http:\/\/www.hier-luebeck.de\/images\/topics\/VHSLogo.jpg\" alt=\"VHSLogo\" \/><br \/>\nAm kommenden Montag, 30. Juni 2008, beginnt in der Volkshochschule ein neuer Intensivkurs Deutsch. Am gleichen Tag steht ein Vortrag mit attraktiven Bildern zur Fahrt durch den Panamal-Kanal zur &#8222;trockensten W\u00fcste der Welt&#8220; auf dem Programm.<!--more-->&#8222;Mit dem Frachtschiff zur trockensten W\u00fcste der Welt&#8220;, hei\u00dft die Fotoshow von Evelyn Freitag, die ab 19 Uhr im VHS-Forum f\u00fcr Weiterbildung L\u00fcbeck, H\u00fcxstra\u00dfe 118-120, zu sehen ist. Die musikunterlegte Fotoshow zeigt das Schiff, Situationen beim Umschlag im Hafen und auf See mit Arbeit und Freizeit an Bord. Die Referentin pr\u00e4sentiert merkw\u00fcrdige Begegnungen auf dem Meer, die Fahrt durch den Panama-Kanal und Ausfl\u00fcge an Land.<\/p>\n<p>Der Vortrag erfolgt in Zusammenarbeit mit der B\u00fccherstube Rex. Der Eintritt betr\u00e4gt f\u00fcnf (erm\u00e4\u00dfigt vier) Euro.<\/p>\n<p>Am gleichen Tag startet wieder ein Intensivkurs Deutsch  &#8211; ein Integrationskurs mit bis zu 900 Stunden Unterricht. Informationen gibt es unter Telefon (0451) 122 40 25 oder per E-Mail doris.schmittinger@luebeck.de.<\/p>\n","protected":false},"excerpt":{"rendered":"<p>Am kommenden Montag, 30. Juni 2008, beginnt in der Volkshochschule ein neuer Intensivkurs Deutsch. Am gleichen Tag steht ein Vortrag<\/p>\n","protected":false},"author":292,"featured_media":0,"comment_status":"open","ping_status":"open","sticky":false,"template":"","format":"standard","meta":{"colormag_page_container_layout":"default_layout","colormag_page_sidebar_layout":"default_layout","footnotes":""},"categories":[13],"tags":[],"class_list":["post-6555","post","type-post","status-publish","format-standard","hentry","category-veranstaltungen"],"_links":{"self":[{"href":"https:\/\/hier-luebeck.de\/index.php\/wp-json\/wp\/v2\/posts\/6555","targetHints":{"allow":["GET"]}}],"collection":[{"href":"https:\/\/hier-luebeck.de\/index.php\/wp-json\/wp\/v2\/posts"}],"about":[{"href":"https:\/\/hier-luebeck.de\/index.php\/wp-json\/wp\/v2\/types\/post"}],"author":[{"embeddable":true,"href":"https:\/\/hier-luebeck.de\/index.php\/wp-json\/wp\/v2\/users\/292"}],"replies":[{"embeddable":true,"href":"https:\/\/hier-luebeck.de\/index.php\/wp-json\/wp\/v2\/comments?post=6555"}],"version-history":[{"count":0,"href":"https:\/\/hier-luebeck.de\/index.php\/wp-json\/wp\/v2\/posts\/6555\/revisions"}],"wp:attachment":[{"href":"https:\/\/hier-luebeck.de\/index.php\/wp-json\/wp\/v2\/media?parent=6555"}],"wp:term":[{"taxonomy":"category","embeddable":true,"href":"https:\/\/hier-luebeck.de\/index.php\/wp-json\/wp\/v2\/categories?post=6555"},{"taxonomy":"post_tag","embeddable":true,"href":"https:\/\/hier-luebeck.de\/index.php\/wp-json\/wp\/v2\/tags?post=6555"}],"curies":[{"name":"wp","href":"https:\/\/api.w.org\/{rel}","templated":true}]}}