{"id":6559,"date":"2008-06-24T18:27:26","date_gmt":"2008-06-24T18:27:26","guid":{"rendered":"http:\/\/testserver\/wordpress\/?p=6459"},"modified":"2008-06-24T18:27:26","modified_gmt":"2008-06-24T18:27:26","slug":"andreas_kossert_als_deutschland_zur_kalten_heimat_fr_deutsche_wurde","status":"publish","type":"post","link":"https:\/\/hier-luebeck.de\/index.php\/andreas_kossert_als_deutschland_zur_kalten_heimat_fr_deutsche_wurde\/","title":{"rendered":"Andreas Kossert: Als Deutschland zur &#8222;kalten Heimat&#8220; f\u00fcr Deutsche wurde"},"content":{"rendered":"<p><img decoding=\"async\" title=\"Kossert-KalteH\" src=\"http:\/\/www.hier-luebeck.de\/images\/topics\/Kossert-KalteH.jpg\" alt=\"Kossert-KalteH\" \/><br \/>\nAuf Einladung von G\u00fcnter Grass kommt der am Deutschen Historischen Institut in Warschau forschende Historiker Andreas Kossert zu einer Buchvorstellung nach L\u00fcbeck: Am Dienstag, 8. Juli 2008 stellt er um 19 Uhr sein Buch &#8222;Kalte Heimat. Die Geschichte der deutschen Vertriebenen nach 1945&#8220; im Kulturforum Burgkloster vor.<\/p>\n<p>Buchcover Siedler Verlag<br \/>\n<!--more-->Nach dem Zweiten Weltkrieg flohen mehr als 14 Millionen Menschen aus den deutschen Ostgebieten. Den \u00fcberwiegenden Teil zog es in die westlichen Besatzungszonen. Diejenigen, die Flucht und Vertreibung \u00fcberlebt hatten, f\u00fchlten sich von ihren deutschen Landsleuten jedoch nicht aufgenommen, sondern ausgegrenzt. Vorurteile und der mit dem Lastenausgleich aufkommende Neid zogen einen tiefen Graben durch die deutsche Gesellschaft.<\/p>\n<p>In seinem Buch hat Kossert die schwierige Ankunftsgeschichte der Vertriebenen umfassend erforscht und zerst\u00f6rt den Mythos von der gegl\u00fcckten Integration der Vertriebenen im Nachkriegsdeutschland. Einf\u00fchlsam und verst\u00e4ndnisvoll beschreibt er die Ausgrenzung und Diskriminierung der Fl\u00fcchtlinge, die Verst\u00e4ndnislosigkeit und Feindseligkeit ihnen gegen\u00fcber. Und er zeichnet das Bild eines Landes, das zur &#8222;Kalten Heimat&#8220; wurde.<\/p>\n<p>Der Nobelpreistr\u00e4ger G\u00fcnter Grass hat den Historiker eingeladen, das Buch in L\u00fcbeck vorzustellen &#8211; und er kommt gerne. J\u00fcrgen Manthey, Professor f\u00fcr Allgemeine und Vergleichende Literaturwissenschaft an der Universit\u00e4t Essen, wird die Buchvorstellung moderieren.<\/p>\n<p>Der Eintritt betr\u00e4gt neun (erm\u00e4\u00dfigt sechs) Euro. Die Veranstaltung ist eine Kooperation des G\u00fcnter Grass-Hauses mit dem Siedler Verlag, M\u00fcnchen. Karten sind ab sofort im Shop des G\u00fcnter Grass-Hauses erh\u00e4ltlich. Telefonische Reservierung \u00fcber die Hotline der L\u00fcbecker Museen: 01805-929200.<\/p>\n<p>ANDREAS KOSSERT<br \/>\nKalte Heimat <br \/>\nDie Geschichte der deutschen Vertriebenen nach 1945<br \/>\nGebundenes Buch, 432 Seiten, 13,5 x 21,5 cm<br \/>\n40 s\/w Abbildungen<br \/>\nISBN: 978-3-88680-861-8<br \/>\n\u00a4 24,95 [D] <br \/>\nSiedler Verlag <\/p>\n","protected":false},"excerpt":{"rendered":"<p>Auf Einladung von G\u00fcnter Grass kommt der am Deutschen Historischen Institut in Warschau forschende Historiker Andreas Kossert zu einer Buchvorstellung<\/p>\n","protected":false},"author":292,"featured_media":0,"comment_status":"open","ping_status":"open","sticky":false,"template":"","format":"standard","meta":{"colormag_page_container_layout":"default_layout","colormag_page_sidebar_layout":"default_layout","footnotes":""},"categories":[13],"tags":[],"class_list":["post-6559","post","type-post","status-publish","format-standard","hentry","category-veranstaltungen"],"_links":{"self":[{"href":"https:\/\/hier-luebeck.de\/index.php\/wp-json\/wp\/v2\/posts\/6559","targetHints":{"allow":["GET"]}}],"collection":[{"href":"https:\/\/hier-luebeck.de\/index.php\/wp-json\/wp\/v2\/posts"}],"about":[{"href":"https:\/\/hier-luebeck.de\/index.php\/wp-json\/wp\/v2\/types\/post"}],"author":[{"embeddable":true,"href":"https:\/\/hier-luebeck.de\/index.php\/wp-json\/wp\/v2\/users\/292"}],"replies":[{"embeddable":true,"href":"https:\/\/hier-luebeck.de\/index.php\/wp-json\/wp\/v2\/comments?post=6559"}],"version-history":[{"count":0,"href":"https:\/\/hier-luebeck.de\/index.php\/wp-json\/wp\/v2\/posts\/6559\/revisions"}],"wp:attachment":[{"href":"https:\/\/hier-luebeck.de\/index.php\/wp-json\/wp\/v2\/media?parent=6559"}],"wp:term":[{"taxonomy":"category","embeddable":true,"href":"https:\/\/hier-luebeck.de\/index.php\/wp-json\/wp\/v2\/categories?post=6559"},{"taxonomy":"post_tag","embeddable":true,"href":"https:\/\/hier-luebeck.de\/index.php\/wp-json\/wp\/v2\/tags?post=6559"}],"curies":[{"name":"wp","href":"https:\/\/api.w.org\/{rel}","templated":true}]}}