{"id":6560,"date":"2008-06-24T18:31:53","date_gmt":"2008-06-24T18:31:53","guid":{"rendered":"http:\/\/testserver\/wordpress\/?p=6460"},"modified":"2008-06-24T18:31:53","modified_gmt":"2008-06-24T18:31:53","slug":"museumskinder__was_wchst_und_blht_in_einem_klostergarten","status":"publish","type":"post","link":"https:\/\/hier-luebeck.de\/index.php\/museumskinder__was_wchst_und_blht_in_einem_klostergarten\/","title":{"rendered":"Museumskinder:  Was w\u00e4chst und bl\u00fcht in einem Klostergarten?"},"content":{"rendered":"<p><img decoding=\"async\" title=\"MuseumsKi-Logo\" src=\"http:\/\/www.hier-luebeck.de\/images\/topics\/MuseumsKi.jpg\" alt=\"MuseumsKi\" \/><br \/>\nKr\u00e4uterzauber im Klostergarten: Die Museumskinder erkunden am Sonnabend, 28. Juni 2008, 11 Uhr, die Pflanzen des Kr\u00e4uterg\u00e4rtchens im Kulturforum Burgkloster. Wie sehen Salbei, Minze oder Liebst\u00f6ckel aus? Und wof\u00fcr kann man die Kr\u00e4uter nutzen?<!--more-->Gemeinsam mit der Museumsp\u00e4dagogin Nina Jakubczyk setzen die Kinder eine erfrischende Kr\u00e4uterlimonade an, die auch gleich probiert werden kann. Au\u00dferdem wird ein Zahnpulver hergestellt, das die Kinder mit nach Hause nehmen k\u00f6nnen.<\/p>\n<p>Die Teilnehmerzahl ist begrenzt. Wer sich einen Platz sichern m\u00f6chte, meldet sich unter Telefon 122 41 95 im Burgkloster an. Das Angebot richtet sich an Kinder zwischen sechs und zw\u00f6lf Jahren. Die Kosten pro Kind betragen sieben Euro.<\/p>\n","protected":false},"excerpt":{"rendered":"<p>Kr\u00e4uterzauber im Klostergarten: Die Museumskinder erkunden am Sonnabend, 28. Juni 2008, 11 Uhr, die Pflanzen des Kr\u00e4uterg\u00e4rtchens im Kulturforum Burgkloster.<\/p>\n","protected":false},"author":292,"featured_media":0,"comment_status":"open","ping_status":"open","sticky":false,"template":"","format":"standard","meta":{"colormag_page_container_layout":"default_layout","colormag_page_sidebar_layout":"default_layout","footnotes":""},"categories":[13],"tags":[],"class_list":["post-6560","post","type-post","status-publish","format-standard","hentry","category-veranstaltungen"],"_links":{"self":[{"href":"https:\/\/hier-luebeck.de\/index.php\/wp-json\/wp\/v2\/posts\/6560","targetHints":{"allow":["GET"]}}],"collection":[{"href":"https:\/\/hier-luebeck.de\/index.php\/wp-json\/wp\/v2\/posts"}],"about":[{"href":"https:\/\/hier-luebeck.de\/index.php\/wp-json\/wp\/v2\/types\/post"}],"author":[{"embeddable":true,"href":"https:\/\/hier-luebeck.de\/index.php\/wp-json\/wp\/v2\/users\/292"}],"replies":[{"embeddable":true,"href":"https:\/\/hier-luebeck.de\/index.php\/wp-json\/wp\/v2\/comments?post=6560"}],"version-history":[{"count":0,"href":"https:\/\/hier-luebeck.de\/index.php\/wp-json\/wp\/v2\/posts\/6560\/revisions"}],"wp:attachment":[{"href":"https:\/\/hier-luebeck.de\/index.php\/wp-json\/wp\/v2\/media?parent=6560"}],"wp:term":[{"taxonomy":"category","embeddable":true,"href":"https:\/\/hier-luebeck.de\/index.php\/wp-json\/wp\/v2\/categories?post=6560"},{"taxonomy":"post_tag","embeddable":true,"href":"https:\/\/hier-luebeck.de\/index.php\/wp-json\/wp\/v2\/tags?post=6560"}],"curies":[{"name":"wp","href":"https:\/\/api.w.org\/{rel}","templated":true}]}}