{"id":6562,"date":"2008-06-25T01:06:46","date_gmt":"2008-06-25T01:06:46","guid":{"rendered":"http:\/\/testserver\/wordpress\/?p=6462"},"modified":"2008-06-25T01:06:46","modified_gmt":"2008-06-25T01:06:46","slug":"gemeinntzige_terminverschiebung_der_mittwochsbildung_wegen_halbfinale","status":"publish","type":"post","link":"https:\/\/hier-luebeck.de\/index.php\/gemeinntzige_terminverschiebung_der_mittwochsbildung_wegen_halbfinale\/","title":{"rendered":"GEMEINN\u00dcTZIGE: Terminverschiebung der mittwochsBILDUNG wegen Halbfinale!"},"content":{"rendered":"<p><img decoding=\"async\" title=\"GEM-Logo-08\" src=\"http:\/\/www.hier-luebeck.de\/images\/topics\/GEM-Logo-08.jpg\" alt=\"GEM-Logo-08\" \/><br \/>\nAlle sind in diesen Tagen im Fu\u00dfballfieber!!! Bei der GEMEINN\u00dcTZIGEN wird deshalb der Vortrag im Rahmen der mittwochsBILDUNG, vorgesehen f\u00fcr Mittwoch, 25. Juni 2008, um 19.30 Uhr, um eine Woche verschoben.<!--more-->Er findet nunmehr am 02. Juli 2008 zur gleichen Zeit und am gleichen Ort statt.<\/p>\n<p>Die Schulleiterin der integrativen Gesamtschule Bergstedt\/Hamburg, Birghild B\u00f6cker, h\u00e4lt einen Vortrag zum Thema &#8222;Integration will gelebt sein&#8220; im Gro\u00dfen Saal der GEMEINN\u00dcTZIGEN, K\u00f6nigstra\u00dfe 5, L\u00fcbeck.<\/p>\n<p>Der Eintritt ist frei.<br \/>\nWie immer steht die Referentin im Anschluss zu einer Diskussion bereit.<\/p>\n","protected":false},"excerpt":{"rendered":"<p>Alle sind in diesen Tagen im Fu\u00dfballfieber!!! Bei der GEMEINN\u00dcTZIGEN wird deshalb der Vortrag im Rahmen der mittwochsBILDUNG, vorgesehen f\u00fcr<\/p>\n","protected":false},"author":292,"featured_media":0,"comment_status":"open","ping_status":"open","sticky":false,"template":"","format":"standard","meta":{"colormag_page_container_layout":"default_layout","colormag_page_sidebar_layout":"default_layout","footnotes":""},"categories":[13],"tags":[],"class_list":["post-6562","post","type-post","status-publish","format-standard","hentry","category-veranstaltungen"],"_links":{"self":[{"href":"https:\/\/hier-luebeck.de\/index.php\/wp-json\/wp\/v2\/posts\/6562","targetHints":{"allow":["GET"]}}],"collection":[{"href":"https:\/\/hier-luebeck.de\/index.php\/wp-json\/wp\/v2\/posts"}],"about":[{"href":"https:\/\/hier-luebeck.de\/index.php\/wp-json\/wp\/v2\/types\/post"}],"author":[{"embeddable":true,"href":"https:\/\/hier-luebeck.de\/index.php\/wp-json\/wp\/v2\/users\/292"}],"replies":[{"embeddable":true,"href":"https:\/\/hier-luebeck.de\/index.php\/wp-json\/wp\/v2\/comments?post=6562"}],"version-history":[{"count":0,"href":"https:\/\/hier-luebeck.de\/index.php\/wp-json\/wp\/v2\/posts\/6562\/revisions"}],"wp:attachment":[{"href":"https:\/\/hier-luebeck.de\/index.php\/wp-json\/wp\/v2\/media?parent=6562"}],"wp:term":[{"taxonomy":"category","embeddable":true,"href":"https:\/\/hier-luebeck.de\/index.php\/wp-json\/wp\/v2\/categories?post=6562"},{"taxonomy":"post_tag","embeddable":true,"href":"https:\/\/hier-luebeck.de\/index.php\/wp-json\/wp\/v2\/tags?post=6562"}],"curies":[{"name":"wp","href":"https:\/\/api.w.org\/{rel}","templated":true}]}}