{"id":6567,"date":"2008-06-25T02:35:40","date_gmt":"2008-06-25T02:35:40","guid":{"rendered":"http:\/\/testserver\/wordpress\/?p=6467"},"modified":"2008-06-25T02:35:40","modified_gmt":"2008-06-25T02:35:40","slug":"ab_mittwoch_behelfsumfahrung_in_der_einsiedelstrae","status":"publish","type":"post","link":"https:\/\/hier-luebeck.de\/index.php\/ab_mittwoch_behelfsumfahrung_in_der_einsiedelstrae\/","title":{"rendered":"Ab Mittwoch Behelfsumfahrung in der Einsiedelstra\u00dfe"},"content":{"rendered":"<p><img decoding=\"async\" title=\"Baust_Logo\" src=\"http:\/\/www.hier-luebeck.de\/images\/topics\/Baust_Logo.jpg\" alt=\"Baust_Logo\" \/><br \/>\nWegen Stra\u00dfenbauarbeiten wird der Verkehr in der L\u00fcbecker Einsiedelstra\u00dfe ab Mittwoch, 18. Juni 2008, \u00fcber eine Umfahrungsstrecke geleitet. Diese wird rund 80 Meter lang sein und den Verkehr von der Karlstra\u00dfe aus kommend um die Baustelle herumf\u00fchren.<!--more-->Wie die Hansestadt L\u00fcbeck &#8211; Fachbereich Planen und Bauen &#8211; mitteilt, wird die bisherige Zweispurigkeit im gesamten Baustellenbereich erhalten bleiben. Auch der einseitig gef\u00fchrte kombinierte Geh- und Radweg bleibt bestehen. Diese f\u00fcr alle Verkehrsteilnehmer geltende Umfahrung wird voraussichtlich bis Oktober 2008 aufrecht erhalten.<\/p>\n","protected":false},"excerpt":{"rendered":"<p>Wegen Stra\u00dfenbauarbeiten wird der Verkehr in der L\u00fcbecker Einsiedelstra\u00dfe ab Mittwoch, 18. Juni 2008, \u00fcber eine Umfahrungsstrecke geleitet. Diese wird<\/p>\n","protected":false},"author":292,"featured_media":0,"comment_status":"open","ping_status":"open","sticky":false,"template":"","format":"standard","meta":{"colormag_page_container_layout":"default_layout","colormag_page_sidebar_layout":"default_layout","footnotes":""},"categories":[15],"tags":[],"class_list":["post-6567","post","type-post","status-publish","format-standard","hentry","category-kultur"],"_links":{"self":[{"href":"https:\/\/hier-luebeck.de\/index.php\/wp-json\/wp\/v2\/posts\/6567","targetHints":{"allow":["GET"]}}],"collection":[{"href":"https:\/\/hier-luebeck.de\/index.php\/wp-json\/wp\/v2\/posts"}],"about":[{"href":"https:\/\/hier-luebeck.de\/index.php\/wp-json\/wp\/v2\/types\/post"}],"author":[{"embeddable":true,"href":"https:\/\/hier-luebeck.de\/index.php\/wp-json\/wp\/v2\/users\/292"}],"replies":[{"embeddable":true,"href":"https:\/\/hier-luebeck.de\/index.php\/wp-json\/wp\/v2\/comments?post=6567"}],"version-history":[{"count":0,"href":"https:\/\/hier-luebeck.de\/index.php\/wp-json\/wp\/v2\/posts\/6567\/revisions"}],"wp:attachment":[{"href":"https:\/\/hier-luebeck.de\/index.php\/wp-json\/wp\/v2\/media?parent=6567"}],"wp:term":[{"taxonomy":"category","embeddable":true,"href":"https:\/\/hier-luebeck.de\/index.php\/wp-json\/wp\/v2\/categories?post=6567"},{"taxonomy":"post_tag","embeddable":true,"href":"https:\/\/hier-luebeck.de\/index.php\/wp-json\/wp\/v2\/tags?post=6567"}],"curies":[{"name":"wp","href":"https:\/\/api.w.org\/{rel}","templated":true}]}}