{"id":6604,"date":"2008-06-30T18:03:26","date_gmt":"2008-06-30T18:03:26","guid":{"rendered":"http:\/\/testserver\/wordpress\/?p=6504"},"modified":"2008-06-30T18:03:26","modified_gmt":"2008-06-30T18:03:26","slug":"hansestadt_verlngert_fugngergrn","status":"publish","type":"post","link":"https:\/\/hier-luebeck.de\/index.php\/hansestadt_verlngert_fugngergrn\/","title":{"rendered":"Hansestadt verl\u00e4ngert Fu\u00dfg\u00e4ngergr\u00fcn"},"content":{"rendered":"<p><img decoding=\"async\" title=\"HL-Info-kl\" src=\"http:\/\/www.hier-luebeck.de\/images\/topics\/HL-Info-kl.jpg\" alt=\"HL-Info-kl\" \/><br \/>\nAn der Signalanlage Fackenburger Allee\/Adlerstra\u00dfe wird die Gr\u00fcnphase f\u00fcr die Fu\u00dfg\u00e4nger noch in dieser Woche verl\u00e4ngert.<br \/>\n<!--more-->Nach Hinweisen von Bewohnern der Gemeinn\u00fctzigen therapeutischen Einrichtung &#8222;Die Br\u00fccke&#8220;, die Dauer der Gr\u00fcnschaltung sei nicht ausreichend f\u00fcr \u00e4ltere und gehbehinderte Menschen, die an dieser Stelle oft anzutreffen seien, hat die Hansestadt L\u00fcbeck, Bereich Verkehr, die Signalschaltung \u00fcberpr\u00fcft. Dabei wurde nach einer Neuberechnung festgestellt, dass die Gr\u00fcnzeiten f\u00fcr Fu\u00dfg\u00e4nger verl\u00e4ngert werden k\u00f6nnen, ohne dass dies zu Lasten der Gr\u00fcnzeiten f\u00fcr den Kfz-Verkehr geht.<br \/>\nAnstatt der bisher geschalteten 16 Sekunden Gr\u00fcn, werden nun 18 Sekunden geschaltet, wobei die Signale auf der Mittelinsel fr\u00fcher auf rot gehen, um zu verhindern, dass Fu\u00dfg\u00e4nger noch die Fahrbahn betreten, dann aber auf der Mittelinsel warten m\u00fcssen. <\/p>\n","protected":false},"excerpt":{"rendered":"<p>An der Signalanlage Fackenburger Allee\/Adlerstra\u00dfe wird die Gr\u00fcnphase f\u00fcr die Fu\u00dfg\u00e4nger noch in dieser Woche verl\u00e4ngert.<\/p>\n","protected":false},"author":292,"featured_media":0,"comment_status":"open","ping_status":"open","sticky":false,"template":"","format":"standard","meta":{"colormag_page_container_layout":"default_layout","colormag_page_sidebar_layout":"default_layout","footnotes":""},"categories":[15],"tags":[],"class_list":["post-6604","post","type-post","status-publish","format-standard","hentry","category-kultur"],"_links":{"self":[{"href":"https:\/\/hier-luebeck.de\/index.php\/wp-json\/wp\/v2\/posts\/6604","targetHints":{"allow":["GET"]}}],"collection":[{"href":"https:\/\/hier-luebeck.de\/index.php\/wp-json\/wp\/v2\/posts"}],"about":[{"href":"https:\/\/hier-luebeck.de\/index.php\/wp-json\/wp\/v2\/types\/post"}],"author":[{"embeddable":true,"href":"https:\/\/hier-luebeck.de\/index.php\/wp-json\/wp\/v2\/users\/292"}],"replies":[{"embeddable":true,"href":"https:\/\/hier-luebeck.de\/index.php\/wp-json\/wp\/v2\/comments?post=6604"}],"version-history":[{"count":0,"href":"https:\/\/hier-luebeck.de\/index.php\/wp-json\/wp\/v2\/posts\/6604\/revisions"}],"wp:attachment":[{"href":"https:\/\/hier-luebeck.de\/index.php\/wp-json\/wp\/v2\/media?parent=6604"}],"wp:term":[{"taxonomy":"category","embeddable":true,"href":"https:\/\/hier-luebeck.de\/index.php\/wp-json\/wp\/v2\/categories?post=6604"},{"taxonomy":"post_tag","embeddable":true,"href":"https:\/\/hier-luebeck.de\/index.php\/wp-json\/wp\/v2\/tags?post=6604"}],"curies":[{"name":"wp","href":"https:\/\/api.w.org\/{rel}","templated":true}]}}