{"id":6606,"date":"2008-06-30T18:18:18","date_gmt":"2008-06-30T18:18:18","guid":{"rendered":"http:\/\/testserver\/wordpress\/?p=6506"},"modified":"2008-06-30T18:18:18","modified_gmt":"2008-06-30T18:18:18","slug":"kulturforum_burgkloster_was_gedeiht_in_einem_klostergarten","status":"publish","type":"post","link":"https:\/\/hier-luebeck.de\/index.php\/kulturforum_burgkloster_was_gedeiht_in_einem_klostergarten\/","title":{"rendered":"Kulturforum Burgkloster: Was gedeiht in einem Klostergarten?"},"content":{"rendered":"<p><img decoding=\"async\" title=\"Museum-FamSo-Logo\" src=\"http:\/\/www.hier-luebeck.de\/images\/topics\/Museum-FamSo.jpg\" alt=\"Museum-FamSo\" \/><br \/>\nWas man aus Kr\u00e4utern alles machen kann: Die ganze Familie kann am Familensonntag, 6. Juli um 11 Uhr die Pflanzen des Kr\u00e4uterg\u00e4rtchens im Kulturforum Burgkloster erkunden. Wie sehen Salbei, Minze oder Liebst\u00f6ckel aus? Und wof\u00fcr kann man die Kr\u00e4uter nutzen? Bitte anmelden.<br \/>\n<!--more-->Gemeinsam mit der Museumsp\u00e4dagogin Nina Jakubczyk wird eine erfrischende Kr\u00e4uterlimonade angesetzt, die nat\u00fcrlich gleich probiert werden kann. Au\u00dferdem wird ein Zahnpulver hergestellt, das die Familien mit nach Hause nehmen k\u00f6nnen. Die Teilnehmerzahl ist begrenzt. Wer sich einen Platz sichern m\u00f6chte, meldet sich unter 0451-1 22 41 95 im Burgkloster an.<\/p>\n<p>Die Kosten betragen f\u00fcr einen Erwachsenen inklusive Kinder 7 Euro und f\u00fcr 2 Erwachsene und Kinder 10 Euro. <\/p>\n","protected":false},"excerpt":{"rendered":"<p>Was man aus Kr\u00e4utern alles machen kann: Die ganze Familie kann am Familensonntag, 6. Juli um 11 Uhr die Pflanzen<\/p>\n","protected":false},"author":292,"featured_media":0,"comment_status":"open","ping_status":"open","sticky":false,"template":"","format":"standard","meta":{"colormag_page_container_layout":"default_layout","colormag_page_sidebar_layout":"default_layout","footnotes":""},"categories":[13],"tags":[],"class_list":["post-6606","post","type-post","status-publish","format-standard","hentry","category-veranstaltungen"],"_links":{"self":[{"href":"https:\/\/hier-luebeck.de\/index.php\/wp-json\/wp\/v2\/posts\/6606","targetHints":{"allow":["GET"]}}],"collection":[{"href":"https:\/\/hier-luebeck.de\/index.php\/wp-json\/wp\/v2\/posts"}],"about":[{"href":"https:\/\/hier-luebeck.de\/index.php\/wp-json\/wp\/v2\/types\/post"}],"author":[{"embeddable":true,"href":"https:\/\/hier-luebeck.de\/index.php\/wp-json\/wp\/v2\/users\/292"}],"replies":[{"embeddable":true,"href":"https:\/\/hier-luebeck.de\/index.php\/wp-json\/wp\/v2\/comments?post=6606"}],"version-history":[{"count":0,"href":"https:\/\/hier-luebeck.de\/index.php\/wp-json\/wp\/v2\/posts\/6606\/revisions"}],"wp:attachment":[{"href":"https:\/\/hier-luebeck.de\/index.php\/wp-json\/wp\/v2\/media?parent=6606"}],"wp:term":[{"taxonomy":"category","embeddable":true,"href":"https:\/\/hier-luebeck.de\/index.php\/wp-json\/wp\/v2\/categories?post=6606"},{"taxonomy":"post_tag","embeddable":true,"href":"https:\/\/hier-luebeck.de\/index.php\/wp-json\/wp\/v2\/tags?post=6606"}],"curies":[{"name":"wp","href":"https:\/\/api.w.org\/{rel}","templated":true}]}}