{"id":6607,"date":"2008-06-30T18:23:04","date_gmt":"2008-06-30T18:23:04","guid":{"rendered":"http:\/\/testserver\/wordpress\/?p=6507"},"modified":"2008-06-30T18:23:04","modified_gmt":"2008-06-30T18:23:04","slug":"musikhochschule_lbeck_konzert_musik_fr_violine_fllt_aus","status":"publish","type":"post","link":"https:\/\/hier-luebeck.de\/index.php\/musikhochschule_lbeck_konzert_musik_fr_violine_fllt_aus\/","title":{"rendered":"Musikhochschule L\u00fcbeck: Konzert &#8222;Musik f\u00fcr Violine&#8220; f\u00e4llt aus"},"content":{"rendered":"<p><img decoding=\"async\" title=\"MHL-Logo-gr\" src=\"http:\/\/www.hier-luebeck.de\/images\/topics\/MHL-Logo-gr.jpg\" alt=\"MHL-Logo-gr\" \/><br \/>\nWie die Musikhochschule L\u00fcbeck mitteilt, muss leider das Konzert &#8222;Musik f\u00fcr Violine&#8220; mit Mircea Mocanita (Klasse Prof. Elisabeth Weber) am 2.07.08 (20 Uhr) im Kammermusiksaal der Musikhochschule L\u00fcbeck entfallen.<br \/>\n<!--more--><\/p>\n","protected":false},"excerpt":{"rendered":"<p>Wie die Musikhochschule L\u00fcbeck mitteilt, muss leider das Konzert &#8222;Musik f\u00fcr Violine&#8220; mit Mircea Mocanita (Klasse Prof. Elisabeth Weber) am<\/p>\n","protected":false},"author":292,"featured_media":0,"comment_status":"open","ping_status":"open","sticky":false,"template":"","format":"standard","meta":{"colormag_page_container_layout":"default_layout","colormag_page_sidebar_layout":"default_layout","footnotes":""},"categories":[13],"tags":[],"class_list":["post-6607","post","type-post","status-publish","format-standard","hentry","category-veranstaltungen"],"_links":{"self":[{"href":"https:\/\/hier-luebeck.de\/index.php\/wp-json\/wp\/v2\/posts\/6607","targetHints":{"allow":["GET"]}}],"collection":[{"href":"https:\/\/hier-luebeck.de\/index.php\/wp-json\/wp\/v2\/posts"}],"about":[{"href":"https:\/\/hier-luebeck.de\/index.php\/wp-json\/wp\/v2\/types\/post"}],"author":[{"embeddable":true,"href":"https:\/\/hier-luebeck.de\/index.php\/wp-json\/wp\/v2\/users\/292"}],"replies":[{"embeddable":true,"href":"https:\/\/hier-luebeck.de\/index.php\/wp-json\/wp\/v2\/comments?post=6607"}],"version-history":[{"count":0,"href":"https:\/\/hier-luebeck.de\/index.php\/wp-json\/wp\/v2\/posts\/6607\/revisions"}],"wp:attachment":[{"href":"https:\/\/hier-luebeck.de\/index.php\/wp-json\/wp\/v2\/media?parent=6607"}],"wp:term":[{"taxonomy":"category","embeddable":true,"href":"https:\/\/hier-luebeck.de\/index.php\/wp-json\/wp\/v2\/categories?post=6607"},{"taxonomy":"post_tag","embeddable":true,"href":"https:\/\/hier-luebeck.de\/index.php\/wp-json\/wp\/v2\/tags?post=6607"}],"curies":[{"name":"wp","href":"https:\/\/api.w.org\/{rel}","templated":true}]}}