{"id":66497,"date":"2012-03-19T13:21:59","date_gmt":"2012-03-19T12:21:59","guid":{"rendered":"http:\/\/www.hier-luebeck.de\/?p=66497"},"modified":"2012-03-19T13:22:00","modified_gmt":"2012-03-19T12:22:00","slug":"umweltministerin-juliane-rumpf-98-000-euro-fur-den-regionalpark-wedeler-au","status":"publish","type":"post","link":"https:\/\/hier-luebeck.de\/index.php\/umweltministerin-juliane-rumpf-98-000-euro-fur-den-regionalpark-wedeler-au\/","title":{"rendered":"Umweltministerin Juliane Rumpf: 98.000 Euro f\u00fcr den Regionalpark Wedeler Au"},"content":{"rendered":"<p><a href=\"http:\/\/www.hier-luebeck.de\/2010\/06\/erstes-jahr-weltnaturerbe-wattenmeer-%e2%80%93-bilanz-von-umweltministerin-juliane-rumpf-ein-groser-gewinn-fur-schleswig-holstein\/dr-juliane-rumpf\/\" rel=\"attachment wp-att-17721\"><img loading=\"lazy\" decoding=\"async\" class=\"alignleft  wp-image-17721\" title=\"Dr. Juliane Rumpf\" src=\"http:\/\/www.hier-luebeck.de\/wp-content\/uploads\/2010\/06\/Dr.-Juliane-Rumpf.jpg\" alt=\"\" width=\"107\" height=\"160\" srcset=\"https:\/\/hier-luebeck.de\/wp-content\/uploads\/2010\/06\/Dr.-Juliane-Rumpf.jpg 335w, https:\/\/hier-luebeck.de\/wp-content\/uploads\/2010\/06\/Dr.-Juliane-Rumpf-214x320.jpg 214w, https:\/\/hier-luebeck.de\/wp-content\/uploads\/2010\/06\/Dr.-Juliane-Rumpf-227x340.jpg 227w\" sizes=\"auto, (max-width: 107px) 100vw, 107px\" \/><\/a>WEDEL. Umweltministerin Dr. Juliane Rumpf hat heute (19. M\u00e4rz) einen F\u00f6rderbescheid \u00fcber 98.000 Euro f\u00fcr das Projekt &#8222;Natur f\u00fcr alle&#8220; im Regionalpark Wedeler Au \u00fcbergeben. &#8222;&#8220;Mit diesem innovativen Projekt wird das Naturerlebnis im Wedeler Autal f\u00fcr die Bev\u00f6lkerung deutlich verbessert. Ich bin sicher, dass die Menschen dieses herrliche Naturgebiet so noch besser erleben und seinen besonderen Wert erkennen k\u00f6nnen&#8220;&#8220;, sagte sie.<!--more--><br \/>\n&#8222;Natur f\u00fcr alle&#8220; steigert die Attraktivit\u00e4t des Regionalparks durch die Anlage einer Wassererlebniszone, die die Besucher barrierefrei an die Wedeler Au heranf\u00fchrt, die zentrale Lebensachse des Gebietes. Das Projekt erm\u00f6glicht zuk\u00fcnftig ein Naturerlebnis mit buchst\u00e4blich allen Sinnen \u2013 einschlie\u00dflich nasser F\u00fc\u00dfe f\u00fcr spielende Kinder. Gleichzeitig wird die Gew\u00e4sserstruktur wieder naturn\u00e4her gestaltet, und au\u00dferdem werden die \u00f6rtlichen Orchideenvorkommen wieder in das Bewusstsein der Besucher ger\u00fcckt. Besonders lobte Umweltministerin Rumpf die neuen Naturerlebnisangebote durch moderne Kommunikationstechniken, die f\u00fcr dieses Gebiet teilweise mit Sch\u00fclern des Johann-Rist-Gymnasiums entwickelt werden: GPS-Bildungstouren und digitale Infopfade, die auch alle Technikbegeisterten auf den richtigen Weg durch das Wedeler Autal bringen.<br \/>\nJuliane Rumpf dankte Wedels B\u00fcrgermeister Niels Schmidt f\u00fcr die informativen Einblicke in das Projekt sowie f\u00fcr das finanzielle Engagement der Stadt. Die Stadt Wedel steuert mehr als die H\u00e4lfte der Mittel zu dem Projekt bei, das Umweltministerium f\u00f6rdert mit 98.000 Euro aus dem Zukunftsprogramm Wirtschaft, mit dem Schleswig-Holstein Mittel aus dem Europ\u00e4ischen Fonds f\u00fcr regionale Entwicklung ins Land holt.<\/p>\n<p>In das Zukunftsprogramm Wirtschaft flie\u00dfen im Zeitraum 2007 \u2013 2013 rund 704 Millionen Euro f\u00fcr die wirtschafts- und regionalpolitische F\u00f6rderung in Schleswig-Holstein, davon rund 374 Mio. Euro aus dem Europ\u00e4ischen Fonds f\u00fcr regionale Entwicklung (EFRE), rund 208 Mio. Euro aus der Bund-L\u00e4nder-Gemeinschaftsaufgabe &#8222;Verbesserung der regionalen Wirtschaftsstruktur&#8220; (GRW) sowie erg\u00e4nzenden Landesmitteln in H\u00f6he von rund 122 Mio. Euro.<\/p>\n<p>Mehr Informationen im Internet: www.zukunftsprogramm-wirtschaft.schleswig-holstein.de<\/p>\n","protected":false},"excerpt":{"rendered":"<p>WEDEL. Umweltministerin Dr. Juliane Rumpf hat heute (19. M\u00e4rz) einen F\u00f6rderbescheid \u00fcber 98.000 Euro f\u00fcr das Projekt &#8222;Natur f\u00fcr alle&#8220;<\/p>\n","protected":false},"author":3,"featured_media":0,"comment_status":"open","ping_status":"open","sticky":false,"template":"","format":"standard","meta":{"colormag_page_container_layout":"default_layout","colormag_page_sidebar_layout":"default_layout","footnotes":""},"categories":[5],"tags":[4538,4539,4537],"class_list":["post-66497","post","type-post","status-publish","format-standard","hentry","category-politik-wirtschaft","tag-98-000-euro","tag-regionalpark-wedeler-au","tag-umweltministerin-juliane-rumpf"],"_links":{"self":[{"href":"https:\/\/hier-luebeck.de\/index.php\/wp-json\/wp\/v2\/posts\/66497","targetHints":{"allow":["GET"]}}],"collection":[{"href":"https:\/\/hier-luebeck.de\/index.php\/wp-json\/wp\/v2\/posts"}],"about":[{"href":"https:\/\/hier-luebeck.de\/index.php\/wp-json\/wp\/v2\/types\/post"}],"author":[{"embeddable":true,"href":"https:\/\/hier-luebeck.de\/index.php\/wp-json\/wp\/v2\/users\/3"}],"replies":[{"embeddable":true,"href":"https:\/\/hier-luebeck.de\/index.php\/wp-json\/wp\/v2\/comments?post=66497"}],"version-history":[{"count":2,"href":"https:\/\/hier-luebeck.de\/index.php\/wp-json\/wp\/v2\/posts\/66497\/revisions"}],"predecessor-version":[{"id":66499,"href":"https:\/\/hier-luebeck.de\/index.php\/wp-json\/wp\/v2\/posts\/66497\/revisions\/66499"}],"wp:attachment":[{"href":"https:\/\/hier-luebeck.de\/index.php\/wp-json\/wp\/v2\/media?parent=66497"}],"wp:term":[{"taxonomy":"category","embeddable":true,"href":"https:\/\/hier-luebeck.de\/index.php\/wp-json\/wp\/v2\/categories?post=66497"},{"taxonomy":"post_tag","embeddable":true,"href":"https:\/\/hier-luebeck.de\/index.php\/wp-json\/wp\/v2\/tags?post=66497"}],"curies":[{"name":"wp","href":"https:\/\/api.w.org\/{rel}","templated":true}]}}